{"id":4420,"count":1,"description":"","link":"https:\/\/morenoprimero.com.ar\/archivo\/tag\/subsecretaria-de-promocion-y-proteccion-integral-de-los-derechos-de-las-nineces-y-adolescencias\/","name":"Subsecretaria de Promoci\u00f3n y Protecci\u00f3n Integral de los Derechos de las Ni\u00f1eces y Adolescencias","slug":"subsecretaria-de-promocion-y-proteccion-integral-de-los-derechos-de-las-nineces-y-adolescencias","taxonomy":"post_tag","meta":[],"_links":{"self":[{"href":"https:\/\/morenoprimero.com.ar\/archivo\/wp-json\/wp\/v2\/tags\/4420","targetHints":{"allow":["GET"]}}],"collection":[{"href":"https:\/\/morenoprimero.com.ar\/archivo\/wp-json\/wp\/v2\/tags"}],"about":[{"href":"https:\/\/morenoprimero.com.ar\/archivo\/wp-json\/wp\/v2\/taxonomies\/post_tag"}],"wp:post_type":[{"href":"https:\/\/morenoprimero.com.ar\/archivo\/wp-json\/wp\/v2\/posts?tags=4420"}],"curies":[{"name":"wp","href":"https:\/\/api.w.org\/{rel}","templated":true}]}}