{"id":3449,"count":1,"description":"","link":"https:\/\/morenoprimero.com.ar\/archivo\/tag\/dia-de-la-inmaculada-concepcion-de-la-virgen-maria\/","name":"D\u00eda de la Inmaculada Concepci\u00f3n de la Virgen Mar\u00eda","slug":"dia-de-la-inmaculada-concepcion-de-la-virgen-maria","taxonomy":"post_tag","meta":[],"_links":{"self":[{"href":"https:\/\/morenoprimero.com.ar\/archivo\/wp-json\/wp\/v2\/tags\/3449","targetHints":{"allow":["GET"]}}],"collection":[{"href":"https:\/\/morenoprimero.com.ar\/archivo\/wp-json\/wp\/v2\/tags"}],"about":[{"href":"https:\/\/morenoprimero.com.ar\/archivo\/wp-json\/wp\/v2\/taxonomies\/post_tag"}],"wp:post_type":[{"href":"https:\/\/morenoprimero.com.ar\/archivo\/wp-json\/wp\/v2\/posts?tags=3449"}],"curies":[{"name":"wp","href":"https:\/\/api.w.org\/{rel}","templated":true}]}}