{"id":9862,"date":"2021-03-24T11:16:26","date_gmt":"2021-03-24T11:16:26","guid":{"rendered":"https:\/\/morenoprimero.com.ar\/?p=9862"},"modified":"2021-03-24T11:16:27","modified_gmt":"2021-03-24T11:16:27","slug":"becas-progresar-como-inscribirse-y-cuales-son-los-nuevos-montos","status":"publish","type":"post","link":"https:\/\/morenoprimero.com.ar\/archivo\/becas-progresar-como-inscribirse-y-cuales-son-los-nuevos-montos\/","title":{"rendered":"BECAS PROGRESAR: C\u00d3MO INSCRIBIRSE Y CU\u00c1LES SON LOS NUEVOS MONTOS"},"content":{"rendered":"\n<h4 class=\"wp-block-heading\">Desde este a\u00f1o se incluir\u00e1n dos cuotas m\u00e1s, teniendo un total del pago de 12 cuotas y un aumento del 50% a lxs beneficiarios. <\/h4>\n\n\n\n<p>El <strong>Programa de Respaldo a Estudiantes de Argentina<\/strong> (ProgresAr) abri\u00f3 su inscripci\u00f3n para que las y los j\u00f3venes de 18 a 24 a\u00f1os finalicen sus estudios, en el caso de alumnos\/as avanzados\/as en la carrera, hasta treinta (30) a\u00f1os cumplidos. <\/p>\n\n\n\n<p>Por otro lado, en el caso de personas con hijas\/os que se encuentren a cargo de un hogar monoparental ya sean ingresantes o avanzadxs <em><strong>la edad se extiende hasta treinta y cinco (35) a\u00f1os y para las personas trans, personas refugiadas e integrantes de las comunidades ind\u00edgenas y\/o pertenecientes a pueblos originarios no se establece l\u00edmite de edad.<\/strong><\/em><\/p>\n\n\n\n<p>Desde este a\u00f1o se pagar\u00e1n 12 cuotas, en lugar de 10 cuotas como sucedi\u00f3 durante los a\u00f1os anteriores. Adem\u00e1s todos los montos aumentaron un 50%.<\/p>\n\n\n\n<p>Progresar cuenta con cuatro l\u00edneas de becas: <\/p>\n\n\n\n<ul class=\"wp-block-list\"><li><strong>Progresar Superior:<\/strong>&nbsp;para estudiantes terciarios y universitarios<\/li><li><strong>Progresar Obligatorio:<\/strong>&nbsp;para la finalizaci\u00f3n de la escuela primaria y secundaria<\/li><li><strong>Progresar Enfermer\u00eda:<\/strong>&nbsp;para estudiantes que ingresen o se encuentren cursando la carrera<\/li><li><strong>Progresar Trabajo:<\/strong>&nbsp;para cursos de formaci\u00f3n profesional<\/li><\/ul>\n\n\n\n<p>La inscripci\u00f3n actualmente se encuentra abierta hasta el 30 de abril para las tres primeras l\u00edneas, mientras que en el caso de la l\u00ednea Progresar Trabajo se extender\u00e1 todo el a\u00f1o. Para llevar a cabo el registro se debe ingresar en el sitio web del&nbsp;<a href=\"https:\/\/progresar.educacion.gob.ar\/\">Ministerio de Educaci\u00f3n de la Naci\u00f3n<\/a>&nbsp;o de&nbsp;<a href=\"https:\/\/www.anses.gob.ar\/progresar\">Anses.<\/a>&nbsp;La otra opci\u00f3n es mediante la app&nbsp;Progresar+&nbsp;(disponible para Android), que se descarga desde la&nbsp;Play Store.<\/p>\n\n\n\n<figure class=\"wp-block-image size-large\"><img loading=\"lazy\" decoding=\"async\" width=\"1024\" height=\"427\" src=\"https:\/\/morenoprimero.com.ar\/wp-content\/uploads\/2021\/03\/monto-1-1024x427.jpg\" alt=\"\" class=\"wp-image-9882\" srcset=\"https:\/\/morenoprimero.com.ar\/archivo\/wp-content\/uploads\/2021\/03\/monto-1-1024x427.jpg 1024w, https:\/\/morenoprimero.com.ar\/archivo\/wp-content\/uploads\/2021\/03\/monto-1-300x125.jpg 300w, https:\/\/morenoprimero.com.ar\/archivo\/wp-content\/uploads\/2021\/03\/monto-1-768x320.jpg 768w, https:\/\/morenoprimero.com.ar\/archivo\/wp-content\/uploads\/2021\/03\/monto-1.jpg 1200w\" sizes=\"auto, (max-width: 1024px) 100vw, 1024px\" \/><\/figure>\n\n\n\n<figure class=\"wp-block-image size-large\"><img loading=\"lazy\" decoding=\"async\" width=\"1024\" height=\"480\" src=\"https:\/\/morenoprimero.com.ar\/wp-content\/uploads\/2021\/03\/monto-2-1024x480.jpg\" alt=\"\" class=\"wp-image-9883\" srcset=\"https:\/\/morenoprimero.com.ar\/archivo\/wp-content\/uploads\/2021\/03\/monto-2-1024x480.jpg 1024w, https:\/\/morenoprimero.com.ar\/archivo\/wp-content\/uploads\/2021\/03\/monto-2-300x141.jpg 300w, https:\/\/morenoprimero.com.ar\/archivo\/wp-content\/uploads\/2021\/03\/monto-2-768x360.jpg 768w, https:\/\/morenoprimero.com.ar\/archivo\/wp-content\/uploads\/2021\/03\/monto-2.jpg 1200w\" sizes=\"auto, (max-width: 1024px) 100vw, 1024px\" \/><\/figure>\n\n\n\n<p><strong>Progresar nivel obligatorio<\/strong><\/p>\n\n\n\n<ul class=\"wp-block-list\"><li>Ser argentina\/o nativa\/o; naturalizada\/o o extranjera\/o, con residencia legal de dos (2) a\u00f1os en el pa\u00eds y contar con DNI.<\/li><li>Ser alumna\/o regular de una instituci\u00f3n educativa.<\/li><li>Tener entre 18 y 24 a\u00f1os cumplidos.<\/li><li>Se extiende hasta 35 a\u00f1os de edad a las personas con hijas\/os menores de 18 a\u00f1os pertenecientes a hogares monoparentales.<\/li><li>Sin l\u00edmite de edad para personas trans, de pueblos ind\u00edgenas, con discapacidad o refugiadas.<\/li><li>Los ingresos de la\/el joven y los de su grupo familiar no deber\u00e1n ser superiores a tres (3) Salarios M\u00ednimos, Vitales y M\u00f3viles (SMVM).<\/li><\/ul>\n\n\n\n<p><strong>Progresar nivel superior<\/strong><\/p>\n\n\n\n<ul class=\"wp-block-list\"><li>Ser argentina\/o nativa\/o; naturalizada\/o o extranjera\/o, con residencia legal de cinco (5) a\u00f1os en el pa\u00eds y contar con DNI.<\/li><li>Ser alumna\/o regular de una instituci\u00f3n educativa.<\/li><li>Tener entre 18 y 24 a\u00f1os de edad cumplidos.<\/li><li>Estudiantes avanzadas\/os en la carrera, hasta treinta (30) a\u00f1os cumplidos.<\/li><li>Estudiantes de enfermer\u00eda sin l\u00edmite de edad.<\/li><li>Se extiende hasta 35 a\u00f1os de edad a las personas con hijas\/os a cargo menores de 18 a\u00f1os pertenecientes a hogares monoparentales.<\/li><li>Sin l\u00edmite de edad para personas trans, de pueblos ind\u00edgenas, con discapacidad o refugiadas.<\/li><li>Los ingresos de la\/el joven y los de su grupo familiar no deber\u00e1n ser superiores a tres (3) Salarios M\u00ednimos, Vitales y M\u00f3viles (SMVM).<\/li><\/ul>\n\n\n\n<p><strong>Progresar Enfermer\u00eda<\/strong><\/p>\n\n\n\n<ul class=\"wp-block-list\"><li>Ser argentinos\/as nativos\/as o naturalizados\/as o extranjeros\/as, con residencia legal de cinco (5) a\u00f1os de en el pa\u00eds y DNI.<\/li><li>Ser mayor de 18 a\u00f1os al cierre de la convocatoria respectiva, sin limite de edad.<\/li><li>Ingresos de la\/el joven y los de su grupo familiar no debe ser superior a tres (3) Salarios M\u00ednimos, Vitales y M\u00f3viles (SMVM).<\/li><li>Ser egresado\/a del nivel medio y no adeudar materias al momento de la inscripci\u00f3n.<\/li><li>Cursar o ingresar a cursar sus estudios en Institutos de Educaci\u00f3n T\u00e9cnica Superior de Gesti\u00f3n Estatal. Excepcionalmente, los Institutos de Educaci\u00f3n T\u00e9cnica Superior de Gesti\u00f3n Privada inscriptas en el PRONAFE.<\/li><\/ul>\n\n\n\n<p><strong>Progresar Trabajo<\/strong><\/p>\n\n\n\n<ul class=\"wp-block-list\"><li>Ser argentina\/o nativa\/o; naturalizada\/o o extranjera\/o, con residencia legal de dos (2) a\u00f1os en el pa\u00eds y contar con DNI.<\/li><li>Tener entre 18 y 24 a\u00f1os cumplidos.<\/li><li>Se extiende hasta 35 a\u00f1os de edad a las personas con hijas\/os menores de 18 a\u00f1os pertenecientes a hogares monoparentales y hasta 40 a\u00f1os para personas que no poseen trabajo formal registrado.<\/li><li>Sin l\u00edmite de edad para personas trans, de pueblos ind\u00edgenas, con discapacidad o refugiadas.<\/li><li>Los ingresos de la\/el joven y los de su grupo familiar no deber\u00e1n ser superiores a tres (3) Salarios M\u00ednimos, Vitales y M\u00f3viles (SMVM).<\/li><\/ul>\n\n\n\n<p><\/p>\n\n\n\n<p><\/p>\n\n\n\n<p><\/p>\n","protected":false},"excerpt":{"rendered":"<p>Desde este a\u00f1o se incluir\u00e1n dos cuotas m\u00e1s, teniendo un total del pago de 12 cuotas y un aumento del 50% a lxs beneficiarios. El Programa de Respaldo a Estudiantes de Argentina (ProgresAr) abri\u00f3 su inscripci\u00f3n para que las y &hellip; <a href=\"https:\/\/morenoprimero.com.ar\/archivo\/becas-progresar-como-inscribirse-y-cuales-son-los-nuevos-montos\/\">Sigue leyendo <span class=\"meta-nav\">&rarr;<\/span><\/a><\/p>\n","protected":false},"author":6,"featured_media":8305,"comment_status":"open","ping_status":"open","sticky":false,"template":"","format":"standard","meta":{"footnotes":""},"categories":[578,20],"tags":[1965,713,1691],"class_list":["post-9862","post","type-post","status-publish","format-standard","has-post-thumbnail","hentry","category-educacion","category-sociedad","tag-becas","tag-ministerio-de-educacion-de-la-nacion","tag-progresar"],"_links":{"self":[{"href":"https:\/\/morenoprimero.com.ar\/archivo\/wp-json\/wp\/v2\/posts\/9862","targetHints":{"allow":["GET"]}}],"collection":[{"href":"https:\/\/morenoprimero.com.ar\/archivo\/wp-json\/wp\/v2\/posts"}],"about":[{"href":"https:\/\/morenoprimero.com.ar\/archivo\/wp-json\/wp\/v2\/types\/post"}],"author":[{"embeddable":true,"href":"https:\/\/morenoprimero.com.ar\/archivo\/wp-json\/wp\/v2\/users\/6"}],"replies":[{"embeddable":true,"href":"https:\/\/morenoprimero.com.ar\/archivo\/wp-json\/wp\/v2\/comments?post=9862"}],"version-history":[{"count":4,"href":"https:\/\/morenoprimero.com.ar\/archivo\/wp-json\/wp\/v2\/posts\/9862\/revisions"}],"predecessor-version":[{"id":9980,"href":"https:\/\/morenoprimero.com.ar\/archivo\/wp-json\/wp\/v2\/posts\/9862\/revisions\/9980"}],"wp:featuredmedia":[{"embeddable":true,"href":"https:\/\/morenoprimero.com.ar\/archivo\/wp-json\/wp\/v2\/media\/8305"}],"wp:attachment":[{"href":"https:\/\/morenoprimero.com.ar\/archivo\/wp-json\/wp\/v2\/media?parent=9862"}],"wp:term":[{"taxonomy":"category","embeddable":true,"href":"https:\/\/morenoprimero.com.ar\/archivo\/wp-json\/wp\/v2\/categories?post=9862"},{"taxonomy":"post_tag","embeddable":true,"href":"https:\/\/morenoprimero.com.ar\/archivo\/wp-json\/wp\/v2\/tags?post=9862"}],"curies":[{"name":"wp","href":"https:\/\/api.w.org\/{rel}","templated":true}]}}