{"id":9844,"date":"2021-03-22T12:17:51","date_gmt":"2021-03-22T12:17:51","guid":{"rendered":"https:\/\/morenoprimero.com.ar\/?p=9844"},"modified":"2021-03-22T12:17:51","modified_gmt":"2021-03-22T12:17:51","slug":"anses-extiende-la-suspension-de-fe-de-vida-hasta-el-30-de-junio","status":"publish","type":"post","link":"https:\/\/morenoprimero.com.ar\/archivo\/anses-extiende-la-suspension-de-fe-de-vida-hasta-el-30-de-junio\/","title":{"rendered":"ANSES EXTIENDE LA SUSPENSI\u00d3N DE FE DE VIDA HASTA EL 30 DE JUNIO"},"content":{"rendered":"\n<h4 class=\"wp-block-heading\">Se trata de tr\u00e1mite de supervivencia para el cobro de pensiones y jubilaciones de abril, mayo y junio. <\/h4>\n\n\n\n<p>La ANSES inform\u00f3 que se prorroga&nbsp;<strong>hasta el 30 de junio<\/strong>&nbsp;la suspensi\u00f3n del tr\u00e1mite de supervivencia \/ fe de vida para el cobro de las jubilaciones y pensiones de abril, mayo y junio. Esto significa que los beneficiarios y beneficiarias no deben concurrir a los bancos para hacer el tr\u00e1mite.<\/p>\n\n\n\n<p>Adem\u00e1s, se establece que titulares residentes en el exterior pueden presentar, de forma excepcional, el certificado de supervivencia semestral ante el banco apoderado tambi\u00e9n hasta el \u00faltimo d\u00eda del mes de junio.<\/p>\n\n\n\n<p><\/p>\n\n\n\n<p><\/p>\n","protected":false},"excerpt":{"rendered":"<p>Se trata de tr\u00e1mite de supervivencia para el cobro de pensiones y jubilaciones de abril, mayo y junio. La ANSES inform\u00f3 que se prorroga&nbsp;hasta el 30 de junio&nbsp;la suspensi\u00f3n del tr\u00e1mite de supervivencia \/ fe de vida para el cobro &hellip; <a href=\"https:\/\/morenoprimero.com.ar\/archivo\/anses-extiende-la-suspension-de-fe-de-vida-hasta-el-30-de-junio\/\">Sigue leyendo <span class=\"meta-nav\">&rarr;<\/span><\/a><\/p>\n","protected":false},"author":6,"featured_media":7335,"comment_status":"open","ping_status":"open","sticky":false,"template":"","format":"standard","meta":{"footnotes":""},"categories":[926,20],"tags":[36,1348,419,420,1958],"class_list":["post-9844","post","type-post","status-publish","format-standard","has-post-thumbnail","hentry","category-economia","category-sociedad","tag-anses","tag-fe-de-vida-2","tag-jubilaciones","tag-pensiones","tag-tramite-de-supervivencia"],"_links":{"self":[{"href":"https:\/\/morenoprimero.com.ar\/archivo\/wp-json\/wp\/v2\/posts\/9844","targetHints":{"allow":["GET"]}}],"collection":[{"href":"https:\/\/morenoprimero.com.ar\/archivo\/wp-json\/wp\/v2\/posts"}],"about":[{"href":"https:\/\/morenoprimero.com.ar\/archivo\/wp-json\/wp\/v2\/types\/post"}],"author":[{"embeddable":true,"href":"https:\/\/morenoprimero.com.ar\/archivo\/wp-json\/wp\/v2\/users\/6"}],"replies":[{"embeddable":true,"href":"https:\/\/morenoprimero.com.ar\/archivo\/wp-json\/wp\/v2\/comments?post=9844"}],"version-history":[{"count":2,"href":"https:\/\/morenoprimero.com.ar\/archivo\/wp-json\/wp\/v2\/posts\/9844\/revisions"}],"predecessor-version":[{"id":9852,"href":"https:\/\/morenoprimero.com.ar\/archivo\/wp-json\/wp\/v2\/posts\/9844\/revisions\/9852"}],"wp:featuredmedia":[{"embeddable":true,"href":"https:\/\/morenoprimero.com.ar\/archivo\/wp-json\/wp\/v2\/media\/7335"}],"wp:attachment":[{"href":"https:\/\/morenoprimero.com.ar\/archivo\/wp-json\/wp\/v2\/media?parent=9844"}],"wp:term":[{"taxonomy":"category","embeddable":true,"href":"https:\/\/morenoprimero.com.ar\/archivo\/wp-json\/wp\/v2\/categories?post=9844"},{"taxonomy":"post_tag","embeddable":true,"href":"https:\/\/morenoprimero.com.ar\/archivo\/wp-json\/wp\/v2\/tags?post=9844"}],"curies":[{"name":"wp","href":"https:\/\/api.w.org\/{rel}","templated":true}]}}