{"id":982,"date":"2020-08-05T15:31:54","date_gmt":"2020-08-05T15:31:54","guid":{"rendered":"https:\/\/morenoprimero.com.ar\/?p=982"},"modified":"2020-08-05T15:31:54","modified_gmt":"2020-08-05T15:31:54","slug":"sigue-la-suspension-del-servicio-del-tren-sarmiento","status":"publish","type":"post","link":"https:\/\/morenoprimero.com.ar\/archivo\/sigue-la-suspension-del-servicio-del-tren-sarmiento\/","title":{"rendered":"SIGUE LA SUSPENSI\u00d3N DEL SERVICIO DEL TREN SARMIENTO"},"content":{"rendered":"\n<h3 class=\"wp-block-heading\">&nbsp; Son doce los infectados en Control de Trenes, \u00e1rea neur\u00e1lgica de la operaci\u00f3n de la l\u00ednea.&nbsp;&nbsp;<\/h3>\n\n\n\n<p>&nbsp; &nbsp;El controlador de trenes es un trabajo especializado y de dif\u00edcil reemplazo. <strong>A ra\u00edz del contagio de 12 trabajadores, se activ\u00f3 el protocolo COVID-19 y se redujo la cantidad de personal.&nbsp;<\/strong><\/p>\n\n\n\n<p>&nbsp; &nbsp;El servicio brindado en estos d\u00edas es entre las 00:00 Hs y las 10:00 Hs, con un tren cada diez minutos durante la hora pico.&nbsp;&nbsp;<\/p>\n\n\n\n<p>\u00a0<strong> \u00a0Luego de las 10 de la ma\u00f1ana, desde el Ministerio de\u00a0Transporte\u00a0 garantizan\u00a0 micros, puestos a disposici\u00f3n de los\u00a0pasajeros y pasajeras que realicen tareas esenciales hasta\u00a0la reanudaci\u00f3n del servicio.\u00a0<\/strong><\/p>\n","protected":false},"excerpt":{"rendered":"<p>&nbsp; Son doce los infectados en Control de Trenes, \u00e1rea neur\u00e1lgica de la operaci\u00f3n de la l\u00ednea.&nbsp;&nbsp; &nbsp; &nbsp;El controlador de trenes es un trabajo especializado y de dif\u00edcil reemplazo. A ra\u00edz del contagio de 12 trabajadores, se activ\u00f3 el &hellip; <a href=\"https:\/\/morenoprimero.com.ar\/archivo\/sigue-la-suspension-del-servicio-del-tren-sarmiento\/\">Sigue leyendo <span class=\"meta-nav\">&rarr;<\/span><\/a><\/p>\n","protected":false},"author":6,"featured_media":926,"comment_status":"open","ping_status":"open","sticky":false,"template":"","format":"standard","meta":{"footnotes":""},"categories":[21,20],"tags":[173,348],"class_list":["post-982","post","type-post","status-publish","format-standard","has-post-thumbnail","hentry","category-interes-general","category-sociedad","tag-linea-sarmiento","tag-protocolo-covid-19"],"_links":{"self":[{"href":"https:\/\/morenoprimero.com.ar\/archivo\/wp-json\/wp\/v2\/posts\/982","targetHints":{"allow":["GET"]}}],"collection":[{"href":"https:\/\/morenoprimero.com.ar\/archivo\/wp-json\/wp\/v2\/posts"}],"about":[{"href":"https:\/\/morenoprimero.com.ar\/archivo\/wp-json\/wp\/v2\/types\/post"}],"author":[{"embeddable":true,"href":"https:\/\/morenoprimero.com.ar\/archivo\/wp-json\/wp\/v2\/users\/6"}],"replies":[{"embeddable":true,"href":"https:\/\/morenoprimero.com.ar\/archivo\/wp-json\/wp\/v2\/comments?post=982"}],"version-history":[{"count":2,"href":"https:\/\/morenoprimero.com.ar\/archivo\/wp-json\/wp\/v2\/posts\/982\/revisions"}],"predecessor-version":[{"id":984,"href":"https:\/\/morenoprimero.com.ar\/archivo\/wp-json\/wp\/v2\/posts\/982\/revisions\/984"}],"wp:featuredmedia":[{"embeddable":true,"href":"https:\/\/morenoprimero.com.ar\/archivo\/wp-json\/wp\/v2\/media\/926"}],"wp:attachment":[{"href":"https:\/\/morenoprimero.com.ar\/archivo\/wp-json\/wp\/v2\/media?parent=982"}],"wp:term":[{"taxonomy":"category","embeddable":true,"href":"https:\/\/morenoprimero.com.ar\/archivo\/wp-json\/wp\/v2\/categories?post=982"},{"taxonomy":"post_tag","embeddable":true,"href":"https:\/\/morenoprimero.com.ar\/archivo\/wp-json\/wp\/v2\/tags?post=982"}],"curies":[{"name":"wp","href":"https:\/\/api.w.org\/{rel}","templated":true}]}}