{"id":9817,"date":"2021-03-19T17:09:43","date_gmt":"2021-03-19T17:09:43","guid":{"rendered":"https:\/\/morenoprimero.com.ar\/?p=9817"},"modified":"2021-03-19T17:09:43","modified_gmt":"2021-03-19T17:09:43","slug":"se-hara-la-primera-muestra-de-archivos-y-fotografias-por-la-memoria","status":"publish","type":"post","link":"https:\/\/morenoprimero.com.ar\/archivo\/se-hara-la-primera-muestra-de-archivos-y-fotografias-por-la-memoria\/","title":{"rendered":"SE HAR\u00c1 LA PRIMERA MUESTRA DE ARCHIVOS Y FOTOGRAF\u00cdAS POR LA MEMORIA"},"content":{"rendered":"\n<h4 class=\"wp-block-heading\">El evento est\u00e1 organizado por la Comisi\u00f3n Provincial de la Memoria y se llevar\u00e1 a cabo en la Casa de la Cultura. <\/h4>\n\n\n\n<p>Hoy viernes, a las 18 horas se realizar\u00e1 una muestra de archivos, documentos y fotograf\u00edas de la<strong> Comisi\u00f3n Provincial de la Memoria y M\u00f3nica Hasenberg.<\/strong><\/p>\n\n\n\n<p>Se llevar\u00e1 a cabo en la <strong>Casa de la Cultura<\/strong> ubicada en la calle <strong>Doctor Vera 247<\/strong>. Adem\u00e1s la inauguraci\u00f3n se trasmitir\u00e1 desde el facebook <strong>\u00abEducaci\u00f3n y Cultura Moreno\u00bb.<\/strong><\/p>\n\n\n\n<p>La muestra se trata de colecciones particulares y documentaci\u00f3n producida por la propia CPM (Comisi\u00f3n Provincial de la Memoria) vinculados al distrito de Moreno.<\/p>\n\n\n\n<p><\/p>\n","protected":false},"excerpt":{"rendered":"<p>El evento est\u00e1 organizado por la Comisi\u00f3n Provincial de la Memoria y se llevar\u00e1 a cabo en la Casa de la Cultura. Hoy viernes, a las 18 horas se realizar\u00e1 una muestra de archivos, documentos y fotograf\u00edas de la Comisi\u00f3n &hellip; <a href=\"https:\/\/morenoprimero.com.ar\/archivo\/se-hara-la-primera-muestra-de-archivos-y-fotografias-por-la-memoria\/\">Sigue leyendo <span class=\"meta-nav\">&rarr;<\/span><\/a><\/p>\n","protected":false},"author":6,"featured_media":9821,"comment_status":"open","ping_status":"open","sticky":false,"template":"","format":"standard","meta":{"footnotes":""},"categories":[578,20],"tags":[587,1936,6],"class_list":["post-9817","post","type-post","status-publish","format-standard","has-post-thumbnail","hentry","category-educacion","category-sociedad","tag-casa-de-la-cultura","tag-memoria-verdad-y-justicia","tag-moreno"],"_links":{"self":[{"href":"https:\/\/morenoprimero.com.ar\/archivo\/wp-json\/wp\/v2\/posts\/9817","targetHints":{"allow":["GET"]}}],"collection":[{"href":"https:\/\/morenoprimero.com.ar\/archivo\/wp-json\/wp\/v2\/posts"}],"about":[{"href":"https:\/\/morenoprimero.com.ar\/archivo\/wp-json\/wp\/v2\/types\/post"}],"author":[{"embeddable":true,"href":"https:\/\/morenoprimero.com.ar\/archivo\/wp-json\/wp\/v2\/users\/6"}],"replies":[{"embeddable":true,"href":"https:\/\/morenoprimero.com.ar\/archivo\/wp-json\/wp\/v2\/comments?post=9817"}],"version-history":[{"count":2,"href":"https:\/\/morenoprimero.com.ar\/archivo\/wp-json\/wp\/v2\/posts\/9817\/revisions"}],"predecessor-version":[{"id":9832,"href":"https:\/\/morenoprimero.com.ar\/archivo\/wp-json\/wp\/v2\/posts\/9817\/revisions\/9832"}],"wp:featuredmedia":[{"embeddable":true,"href":"https:\/\/morenoprimero.com.ar\/archivo\/wp-json\/wp\/v2\/media\/9821"}],"wp:attachment":[{"href":"https:\/\/morenoprimero.com.ar\/archivo\/wp-json\/wp\/v2\/media?parent=9817"}],"wp:term":[{"taxonomy":"category","embeddable":true,"href":"https:\/\/morenoprimero.com.ar\/archivo\/wp-json\/wp\/v2\/categories?post=9817"},{"taxonomy":"post_tag","embeddable":true,"href":"https:\/\/morenoprimero.com.ar\/archivo\/wp-json\/wp\/v2\/tags?post=9817"}],"curies":[{"name":"wp","href":"https:\/\/api.w.org\/{rel}","templated":true}]}}