{"id":9798,"date":"2021-03-19T17:10:58","date_gmt":"2021-03-19T17:10:58","guid":{"rendered":"https:\/\/morenoprimero.com.ar\/?p=9798"},"modified":"2021-03-19T17:10:58","modified_gmt":"2021-03-19T17:10:58","slug":"charla-mujer-ciciclica-en-moreno","status":"publish","type":"post","link":"https:\/\/morenoprimero.com.ar\/archivo\/charla-mujer-ciciclica-en-moreno\/","title":{"rendered":"CHARLA \u00abMUJER C\u00cdCICLICA\u00bb EN MORENO"},"content":{"rendered":"\n<h4 class=\"wp-block-heading\">  La charla se realizar\u00e1 este s\u00e1bado 20 de marzo a las 16 horas en el Parque Municipal \u00abLos Robles\u00bb.<\/h4>\n\n\n\n<p>Con motivo del 8M, fecha en que se conmemora el d\u00eda Internacional de la Mujer trabajadora, se lleva a cabo<strong>&nbsp;todos los domingos de marzo una serie de propuestas culturales y recreativas en la Reserva Municipal Los Robles<\/strong>.&nbsp;<\/p>\n\n\n\n<p>&nbsp; <strong>Este s\u00e1bado 20 de marzo a las 16 horas, se&nbsp;realizara&nbsp;el encuentro \u201cMujer C\u00edclica\u201d<\/strong>.&nbsp;<\/p>\n\n\n\n<blockquote class=\"wp-block-quote is-layout-flow wp-block-quote-is-layout-flow\"><p>&nbsp; \u201cIntroducirse a la consciencia c\u00edclica para vivenciar nuevas formas, reconocernos como seres naturales, c\u00edclicos y sincr\u00f3nicos, es un gran desaf\u00edo en este mundo de desconexi\u00f3n y ritmos impuestos.\u201d&nbsp;&nbsp;<\/p><cite>Invitaci\u00f3n al encuentro.<\/cite><\/blockquote>\n\n\n\n<p>&nbsp; <strong>Las personas interesadas en la charla deben inscribirse en&nbsp;turismo@moreno.gov.ar<\/strong>&nbsp;<\/p>\n\n\n\n<p><strong>Por medidas concernientes a los protocolos de sanidad contra el Covid-19 la capacidad m\u00e1xima del parque es de 1.500 personas por d\u00eda. Para asegurar el ingreso del grupo hay que hacer la reserva mediante la p\u00e1gina web.<\/strong>&nbsp;Las reservas las hace una persona responsable por grupo de hasta un m\u00e1ximo de 10. Adem\u00e1s, es fundamental el uso del barbijo; higienizar manos con agua y jab\u00f3n o con alcohol en gel; mantener la distancia entre los grupos; y evitar compartir mates, vasos, cubiertos y platos.&nbsp;<\/p>\n\n\n\n<p>Las tarifas son de $50 para personas residentes de Moreno; de $160 para personas en general y gratis para menores y jubilados. Los Robles cuenta con estacionamiento para motos por un valor de $50; para autos de $ 100 y para las combis a $ 150. Tambi\u00e9n se pueden alquilar mesa y parrilla por $150 y consultar por los quinchos para eventos o reuniones. Adem\u00e1s, posee sector de juegos para menores, sector deportivo con canchas (con la entrada se puede solicitar red y pelota) y proveedur\u00eda. Los fines de semana y feriados hay feria artesanal de emprendedores locales y puestos m\u00f3viles de comida (food&nbsp;trucks).&nbsp;<\/p>\n\n\n\n<p><strong>Asimismo, se pueden realizar recorridas por los senderos, con acompa\u00f1amiento de guarda parques.<\/strong>&nbsp;<\/p>\n\n\n\n<figure class=\"wp-block-image\"><img decoding=\"async\" src=\"https:\/\/scontent.fepa1-1.fna.fbcdn.net\/v\/t1.0-9\/161786253_277237637234915_1737321750556749585_o.jpg?_nc_cat=110&amp;ccb=1-3&amp;_nc_sid=a26aad&amp;_nc_ohc=SRIc1APJgg4AX-KP3Yj&amp;_nc_ht=scontent.fepa1-1.fna&amp;oh=1a5a1fa1d48eedd7d6be5646efb751e6&amp;oe=607C1B24\" alt=\"Puede ser una imagen de texto que dice &quot;CHARLA MUJER C\u00cdCLICA RESERVA MUNICIPAL LOS ROBLES S\u00e1bado 20 de marzo 16 horas Capacidad limitada Requiere inscripci\u00f3n previa: turismo@moreno.gov.ar IMDEL BETLNOLLOTCOM UNIPIODEME TURISMO&quot;\"\/><\/figure>\n","protected":false},"excerpt":{"rendered":"<p>La charla se realizar\u00e1 este s\u00e1bado 20 de marzo a las 16 horas en el Parque Municipal \u00abLos Robles\u00bb. Con motivo del 8M, fecha en que se conmemora el d\u00eda Internacional de la Mujer trabajadora, se lleva a cabo&nbsp;todos los &hellip; <a href=\"https:\/\/morenoprimero.com.ar\/archivo\/charla-mujer-ciciclica-en-moreno\/\">Sigue leyendo <span class=\"meta-nav\">&rarr;<\/span><\/a><\/p>\n","protected":false},"author":6,"featured_media":9800,"comment_status":"open","ping_status":"open","sticky":false,"template":"","format":"standard","meta":{"footnotes":""},"categories":[1],"tags":[1953,6,1324],"class_list":["post-9798","post","type-post","status-publish","format-standard","has-post-thumbnail","hentry","category-sin-categoria","tag-charla","tag-moreno","tag-parque-municipal-los-robles"],"_links":{"self":[{"href":"https:\/\/morenoprimero.com.ar\/archivo\/wp-json\/wp\/v2\/posts\/9798","targetHints":{"allow":["GET"]}}],"collection":[{"href":"https:\/\/morenoprimero.com.ar\/archivo\/wp-json\/wp\/v2\/posts"}],"about":[{"href":"https:\/\/morenoprimero.com.ar\/archivo\/wp-json\/wp\/v2\/types\/post"}],"author":[{"embeddable":true,"href":"https:\/\/morenoprimero.com.ar\/archivo\/wp-json\/wp\/v2\/users\/6"}],"replies":[{"embeddable":true,"href":"https:\/\/morenoprimero.com.ar\/archivo\/wp-json\/wp\/v2\/comments?post=9798"}],"version-history":[{"count":2,"href":"https:\/\/morenoprimero.com.ar\/archivo\/wp-json\/wp\/v2\/posts\/9798\/revisions"}],"predecessor-version":[{"id":9835,"href":"https:\/\/morenoprimero.com.ar\/archivo\/wp-json\/wp\/v2\/posts\/9798\/revisions\/9835"}],"wp:featuredmedia":[{"embeddable":true,"href":"https:\/\/morenoprimero.com.ar\/archivo\/wp-json\/wp\/v2\/media\/9800"}],"wp:attachment":[{"href":"https:\/\/morenoprimero.com.ar\/archivo\/wp-json\/wp\/v2\/media?parent=9798"}],"wp:term":[{"taxonomy":"category","embeddable":true,"href":"https:\/\/morenoprimero.com.ar\/archivo\/wp-json\/wp\/v2\/categories?post=9798"},{"taxonomy":"post_tag","embeddable":true,"href":"https:\/\/morenoprimero.com.ar\/archivo\/wp-json\/wp\/v2\/tags?post=9798"}],"curies":[{"name":"wp","href":"https:\/\/api.w.org\/{rel}","templated":true}]}}