{"id":9764,"date":"2021-03-19T13:33:26","date_gmt":"2021-03-19T13:33:26","guid":{"rendered":"https:\/\/morenoprimero.com.ar\/?p=9764"},"modified":"2021-03-19T13:53:05","modified_gmt":"2021-03-19T13:53:05","slug":"moreno-el-municipio-con-dosis-aplicadas","status":"publish","type":"post","link":"https:\/\/morenoprimero.com.ar\/archivo\/moreno-el-municipio-con-dosis-aplicadas\/","title":{"rendered":"MORENO, EL MUNICIPIO CON M\u00c1S DOSIS APLICADAS"},"content":{"rendered":"\n<h4 class=\"wp-block-heading\">  De acuerdo a los datos publicados por el Ministerio de Salud de la Provincia de Buenos Aires, Moreno lidera la lista en cantidad de vacunados, respecto de los 7 municipios aleda\u00f1os.<\/h4>\n\n\n\n<p>&nbsp; En el d\u00eda de ayer,&nbsp;Jueves&nbsp;18 de marzo, hubo&nbsp;<strong>89&nbsp;<\/strong>casos confirmados de&nbsp;Covid&nbsp;19, lo que suma un total de&nbsp;<strong>27.451<\/strong>&nbsp;contagios desde el comienzo de la pandemia. Por su parte, con&nbsp;<strong>15&nbsp;<\/strong>personas recuperadas, se alcanza un total de&nbsp;<strong>23.066&nbsp;<\/strong>personas<strong>&nbsp;<\/strong>que ya no portan el virus.&nbsp;&nbsp;&nbsp;&nbsp;&nbsp;&nbsp;&nbsp;&nbsp;<\/p>\n\n\n\n<p>&nbsp; Por otro lado, son&nbsp;<strong>4<\/strong>&nbsp;las defunciones asociadas al Covid-19 a lo largo de la jornada. Con ellas, se alcanza un total de&nbsp;<strong>740&nbsp;<\/strong>personas fallecidas.&nbsp;&nbsp;&nbsp;&nbsp;<\/p>\n\n\n\n<h5 class=\"wp-block-heading\">Campa\u00f1a de Vacunaci\u00f3n&nbsp;&nbsp;&nbsp;<\/h5>\n\n\n\n<p>&nbsp; El plan provincial p\u00fablico y gratuito contra el Covid-19 en la Provincia de Buenos alcanz\u00f3, en el d\u00eda de ayer,&nbsp;<strong>1.152.684<\/strong>&nbsp;dosis aplicadas. Del total,<strong>&nbsp;939.134<\/strong>&nbsp;pertenecen a la primera dosis aplicada, mientras que&nbsp;<strong>213.550<\/strong>&nbsp;son los bonaerenses que ya cuentan con la segunda dosis.&nbsp;<\/p>\n\n\n\n<p>La campa\u00f1a de vacunaci\u00f3n contin\u00faa en Moreno y ya hay&nbsp;<strong>25.813<\/strong>&nbsp;dosis aplicadas, entre docentes, no docentes, personal de salud, y mayores de 70 a\u00f1os.&nbsp;&nbsp;&nbsp;&nbsp;&nbsp;&nbsp;&nbsp;<\/p>\n\n\n\n<p>&nbsp; &nbsp;En total,&nbsp;<strong>22.248<\/strong>&nbsp;vecinos y vecinas&nbsp;recibieron la primera dosis. Entre ellos,<strong>&nbsp;<\/strong><strong>3.565<\/strong><strong>&nbsp;<\/strong>ya recibieron la segunda dosis.&nbsp;<\/p>\n\n\n\n<p>&nbsp; As\u00ed, entre los municipios aleda\u00f1os, Moreno encabeza la lista en cantidad de dosis aplicadas. Por debajo, se encuentra Jos\u00e9 C. Paz con 15.233 dosis.&nbsp; &nbsp;<\/p>\n\n\n\n<figure class=\"wp-block-image size-large\"><img loading=\"lazy\" decoding=\"async\" width=\"1024\" height=\"723\" src=\"https:\/\/morenoprimero.com.ar\/wp-content\/uploads\/2021\/03\/Moreno-y-Municipios-aleda\u00f1os-1-1024x723.jpg\" alt=\"\" class=\"wp-image-9781\" srcset=\"https:\/\/morenoprimero.com.ar\/archivo\/wp-content\/uploads\/2021\/03\/Moreno-y-Municipios-aleda\u00f1os-1-1024x723.jpg 1024w, https:\/\/morenoprimero.com.ar\/archivo\/wp-content\/uploads\/2021\/03\/Moreno-y-Municipios-aleda\u00f1os-1-300x212.jpg 300w, https:\/\/morenoprimero.com.ar\/archivo\/wp-content\/uploads\/2021\/03\/Moreno-y-Municipios-aleda\u00f1os-1-768x542.jpg 768w, https:\/\/morenoprimero.com.ar\/archivo\/wp-content\/uploads\/2021\/03\/Moreno-y-Municipios-aleda\u00f1os-1.jpg 1280w\" sizes=\"auto, (max-width: 1024px) 100vw, 1024px\" \/><\/figure>\n","protected":false},"excerpt":{"rendered":"<p>De acuerdo a los datos publicados por el Ministerio de Salud de la Provincia de Buenos Aires, Moreno lidera la lista en cantidad de vacunados, respecto de los 7 municipios aleda\u00f1os. &nbsp; En el d\u00eda de ayer,&nbsp;Jueves&nbsp;18 de marzo, hubo&nbsp;89&nbsp;casos &hellip; <a href=\"https:\/\/morenoprimero.com.ar\/archivo\/moreno-el-municipio-con-dosis-aplicadas\/\">Sigue leyendo <span class=\"meta-nav\">&rarr;<\/span><\/a><\/p>\n","protected":false},"author":6,"featured_media":6166,"comment_status":"open","ping_status":"open","sticky":false,"template":"","format":"standard","meta":{"footnotes":""},"categories":[536],"tags":[94,6,17,1942],"class_list":["post-9764","post","type-post","status-publish","format-standard","has-post-thumbnail","hentry","category-salud","tag-covid-19","tag-moreno","tag-pandemia","tag-vacuna"],"_links":{"self":[{"href":"https:\/\/morenoprimero.com.ar\/archivo\/wp-json\/wp\/v2\/posts\/9764","targetHints":{"allow":["GET"]}}],"collection":[{"href":"https:\/\/morenoprimero.com.ar\/archivo\/wp-json\/wp\/v2\/posts"}],"about":[{"href":"https:\/\/morenoprimero.com.ar\/archivo\/wp-json\/wp\/v2\/types\/post"}],"author":[{"embeddable":true,"href":"https:\/\/morenoprimero.com.ar\/archivo\/wp-json\/wp\/v2\/users\/6"}],"replies":[{"embeddable":true,"href":"https:\/\/morenoprimero.com.ar\/archivo\/wp-json\/wp\/v2\/comments?post=9764"}],"version-history":[{"count":6,"href":"https:\/\/morenoprimero.com.ar\/archivo\/wp-json\/wp\/v2\/posts\/9764\/revisions"}],"predecessor-version":[{"id":9784,"href":"https:\/\/morenoprimero.com.ar\/archivo\/wp-json\/wp\/v2\/posts\/9764\/revisions\/9784"}],"wp:featuredmedia":[{"embeddable":true,"href":"https:\/\/morenoprimero.com.ar\/archivo\/wp-json\/wp\/v2\/media\/6166"}],"wp:attachment":[{"href":"https:\/\/morenoprimero.com.ar\/archivo\/wp-json\/wp\/v2\/media?parent=9764"}],"wp:term":[{"taxonomy":"category","embeddable":true,"href":"https:\/\/morenoprimero.com.ar\/archivo\/wp-json\/wp\/v2\/categories?post=9764"},{"taxonomy":"post_tag","embeddable":true,"href":"https:\/\/morenoprimero.com.ar\/archivo\/wp-json\/wp\/v2\/tags?post=9764"}],"curies":[{"name":"wp","href":"https:\/\/api.w.org\/{rel}","templated":true}]}}