{"id":9763,"date":"2021-03-19T13:31:11","date_gmt":"2021-03-19T13:31:11","guid":{"rendered":"https:\/\/morenoprimero.com.ar\/?p=9763"},"modified":"2021-03-19T13:31:40","modified_gmt":"2021-03-19T13:31:40","slug":"el-presidente-llamo-a-extremar-los-cuidados-para-prevenir-el-covid-19","status":"publish","type":"post","link":"https:\/\/morenoprimero.com.ar\/archivo\/el-presidente-llamo-a-extremar-los-cuidados-para-prevenir-el-covid-19\/","title":{"rendered":"EL PRESIDENTE LLAM\u00d3 A EXTREMAR LOS CUIDADOS PARA PREVENIR EL COVID-19"},"content":{"rendered":"\n<p>A trav\u00e9s de una cadena nacional, Alberto Fern\u00e1ndez mencion\u00f3 que <strong>\u00abPara prevenir y reducir todo lo posible el impacto de la segunda ola, les pido que todos y todas respetemos las principales medidas de prevenci\u00f3n\u00bb<\/strong>.<\/p>\n\n\n\n<p>El jueves por la noche el presidente <strong>Alberto Fern\u00e1ndez <\/strong>emiti\u00f3 un mensaje por cadena nacional en donde llam\u00f3 a extremar los cuidados advirtiendo que a\u00fan la pandemia no finaliz\u00f3 y dijo que si la sociedad cumple con las prevenciones sanitarias se lograr\u00e1 que el \u00abimpacto de la segunda ola sea lo menos da\u00f1ino posible\u00bb.<\/p>\n\n\n\n<p>Fern\u00e1ndez dijo que \u00ablas nuevas variantes del virus hacen riesgoso\u00bb salir del pa\u00eds, remarc\u00f3 que \u00abest\u00e1 totalmente desaconsejado viajar al exterior\u00bb y sostuvo quienes lo hagan \u00abal regresar deber\u00e1n aislarse y someterse a controles estrictos\u00bb.<\/p>\n\n\n\n<p>El Presidente advirti\u00f3 que \u00ablas fronteras continuar\u00e1n cerradas para turistas extranjeros, como lo est\u00e1n desde el 24 de diciembre\u00bb pasado.<\/p>\n\n\n\n<figure class=\"wp-block-embed-twitter wp-block-embed is-type-rich is-provider-twitter\"><div class=\"wp-block-embed__wrapper\">\nhttps:\/\/twitter.com\/alferdezprensa\/status\/1372712580297408514\n<\/div><\/figure>\n\n\n\n<p>Se\u00f1al\u00f3 que \u00abhay tres problemas muy importantes\u00bb. El primero \u00abes que en muchos pa\u00edses, con la llegada del oto\u00f1o, o incluso antes, se inici\u00f3 una segunda ola, en muchos casos con niveles de contagios y fallecimientos muy elevados\u00bb.<\/p>\n\n\n\n<p>El segundo problema \u00abes que el Covid ha tenido mutaciones y nuevas variantes, algunas de las cuales son mucho m\u00e1s contagiosas y con severa letalidad\u00bb. refiri\u00f3, y el tercero \u00abes que hay escasez global de vacunas\u00bb<\/p>\n\n\n\n<p><strong>\u00abHoy convers\u00e9 con los 24 gobernadores y gobernadoras, analizamos la situaci\u00f3n y consensuamos medidas\u00bb, explic\u00f3 el mandatario, y refiri\u00f3 que para afrontar el oto\u00f1o y el invierno el plan incluye \u00abvacunaci\u00f3n y cuidados\u00bb<\/strong>.<\/p>\n\n\n\n<p>Adem\u00e1s, indic\u00f3 que la semana pasada \u00abse vacunaron 723 mil personas en el pa\u00eds, 100 mil personas por d\u00eda\u00bb y remarc\u00f3 que la Argentina \u00abtiene la capacidad de vacunar cuatro millones y medio de personas por mes\u00bb, pero a\u00fan no se cuenta con las \u00abdosis suficientes\u00bb.<\/p>\n\n\n\n<p>Por \u00faltimo, sostuvo que aunque el problema de la escasez global contin\u00faa \u00abllegar\u00e1n nuevas dosis en los pr\u00f3ximos d\u00edas\u00bb al pa\u00eds.<\/p>\n\n\n\n<p><\/p>\n","protected":false},"excerpt":{"rendered":"<p>A trav\u00e9s de una cadena nacional, Alberto Fern\u00e1ndez mencion\u00f3 que \u00abPara prevenir y reducir todo lo posible el impacto de la segunda ola, les pido que todos y todas respetemos las principales medidas de prevenci\u00f3n\u00bb. El jueves por la noche &hellip; <a href=\"https:\/\/morenoprimero.com.ar\/archivo\/el-presidente-llamo-a-extremar-los-cuidados-para-prevenir-el-covid-19\/\">Sigue leyendo <span class=\"meta-nav\">&rarr;<\/span><\/a><\/p>\n","protected":false},"author":6,"featured_media":9773,"comment_status":"open","ping_status":"open","sticky":false,"template":"","format":"standard","meta":{"footnotes":""},"categories":[2,27,536,20],"tags":[149,1946,26,1409],"class_list":["post-9763","post","type-post","status-publish","format-standard","has-post-thumbnail","hentry","category-destacadas","category-politica","category-salud","category-sociedad","tag-alberto-fernandez","tag-cadena-nacional","tag-coronavirus","tag-vacunas"],"_links":{"self":[{"href":"https:\/\/morenoprimero.com.ar\/archivo\/wp-json\/wp\/v2\/posts\/9763","targetHints":{"allow":["GET"]}}],"collection":[{"href":"https:\/\/morenoprimero.com.ar\/archivo\/wp-json\/wp\/v2\/posts"}],"about":[{"href":"https:\/\/morenoprimero.com.ar\/archivo\/wp-json\/wp\/v2\/types\/post"}],"author":[{"embeddable":true,"href":"https:\/\/morenoprimero.com.ar\/archivo\/wp-json\/wp\/v2\/users\/6"}],"replies":[{"embeddable":true,"href":"https:\/\/morenoprimero.com.ar\/archivo\/wp-json\/wp\/v2\/comments?post=9763"}],"version-history":[{"count":3,"href":"https:\/\/morenoprimero.com.ar\/archivo\/wp-json\/wp\/v2\/posts\/9763\/revisions"}],"predecessor-version":[{"id":9779,"href":"https:\/\/morenoprimero.com.ar\/archivo\/wp-json\/wp\/v2\/posts\/9763\/revisions\/9779"}],"wp:featuredmedia":[{"embeddable":true,"href":"https:\/\/morenoprimero.com.ar\/archivo\/wp-json\/wp\/v2\/media\/9773"}],"wp:attachment":[{"href":"https:\/\/morenoprimero.com.ar\/archivo\/wp-json\/wp\/v2\/media?parent=9763"}],"wp:term":[{"taxonomy":"category","embeddable":true,"href":"https:\/\/morenoprimero.com.ar\/archivo\/wp-json\/wp\/v2\/categories?post=9763"},{"taxonomy":"post_tag","embeddable":true,"href":"https:\/\/morenoprimero.com.ar\/archivo\/wp-json\/wp\/v2\/tags?post=9763"}],"curies":[{"name":"wp","href":"https:\/\/api.w.org\/{rel}","templated":true}]}}