{"id":9744,"date":"2021-03-18T17:41:33","date_gmt":"2021-03-18T17:41:33","guid":{"rendered":"https:\/\/morenoprimero.com.ar\/?p=9744"},"modified":"2021-03-18T17:41:33","modified_gmt":"2021-03-18T17:41:33","slug":"ya-son-23-808-las-dosis-aplicadas-contra-el-covid-19-en-moreno","status":"publish","type":"post","link":"https:\/\/morenoprimero.com.ar\/archivo\/ya-son-23-808-las-dosis-aplicadas-contra-el-covid-19-en-moreno\/","title":{"rendered":"YA SON 23.808 LAS DOSIS APLICADAS CONTRA EL COVID-19 EN MORENO"},"content":{"rendered":"\n<h4 class=\"wp-block-heading\">  En total,&nbsp;<strong>20.411<\/strong>&nbsp;vecinos y vecinas&nbsp;recibieron la primera dosis. Entre ellos,&nbsp;<strong>3.397<\/strong>&nbsp;ya recibieron la segunda dosis.&nbsp;<\/h4>\n\n\n\n<p>&nbsp;En el d\u00eda de ayer,&nbsp;Mi\u00e9rcoles&nbsp;17 de marzo, hubo&nbsp;<strong>90&nbsp;<\/strong>casos confirmados de&nbsp;Covid&nbsp;19, lo que suma un total de&nbsp;<strong>27.362<\/strong>&nbsp;contagios desde el comienzo de la pandemia. Por su parte, con&nbsp;<strong>16&nbsp;<\/strong>personas recuperadas, se alcanza un total de&nbsp;<strong>23.051&nbsp;<\/strong>personas<strong>&nbsp;<\/strong>que ya no portan el virus.&nbsp;&nbsp;&nbsp;&nbsp;&nbsp;&nbsp;&nbsp;&nbsp;<\/p>\n\n\n\n<p>&nbsp; Por otro lado, son&nbsp;<strong>3&nbsp;<\/strong>las defunciones asociadas al Covid-19 a lo largo de la jornada. Con ellas, se alcanza un total de&nbsp;<strong>736&nbsp;<\/strong>personas fallecidas.&nbsp;&nbsp;&nbsp;&nbsp;<\/p>\n\n\n\n<p>&nbsp; La campa\u00f1a de vacunaci\u00f3n contin\u00faa en Moreno y ya hay&nbsp;<strong>23.808<\/strong>&nbsp;dosis aplicadas, entre docentes, no docentes, personal de salud, y mayores de 70 a\u00f1os.&nbsp;&nbsp;&nbsp;&nbsp;&nbsp;&nbsp;&nbsp;<\/p>\n\n\n\n<p>&nbsp; &nbsp;En total,&nbsp;<strong>20.411<\/strong>&nbsp;vecinos y vecinas&nbsp;recibieron la primera dosis. Entre ellos,&nbsp;<strong>3.397<\/strong>&nbsp;ya recibieron la segunda dosis.&nbsp;<\/p>\n","protected":false},"excerpt":{"rendered":"<p>En total,&nbsp;20.411&nbsp;vecinos y vecinas&nbsp;recibieron la primera dosis. Entre ellos,&nbsp;3.397&nbsp;ya recibieron la segunda dosis.&nbsp; &nbsp;En el d\u00eda de ayer,&nbsp;Mi\u00e9rcoles&nbsp;17 de marzo, hubo&nbsp;90&nbsp;casos confirmados de&nbsp;Covid&nbsp;19, lo que suma un total de&nbsp;27.362&nbsp;contagios desde el comienzo de la pandemia. Por su parte, con&nbsp;16&nbsp;personas recuperadas, &hellip; <a href=\"https:\/\/morenoprimero.com.ar\/archivo\/ya-son-23-808-las-dosis-aplicadas-contra-el-covid-19-en-moreno\/\">Sigue leyendo <span class=\"meta-nav\">&rarr;<\/span><\/a><\/p>\n","protected":false},"author":6,"featured_media":9412,"comment_status":"open","ping_status":"open","sticky":false,"template":"","format":"standard","meta":{"footnotes":""},"categories":[536],"tags":[540,6,169],"class_list":["post-9744","post","type-post","status-publish","format-standard","has-post-thumbnail","hentry","category-salud","tag-covid","tag-moreno","tag-vacunacion"],"_links":{"self":[{"href":"https:\/\/morenoprimero.com.ar\/archivo\/wp-json\/wp\/v2\/posts\/9744","targetHints":{"allow":["GET"]}}],"collection":[{"href":"https:\/\/morenoprimero.com.ar\/archivo\/wp-json\/wp\/v2\/posts"}],"about":[{"href":"https:\/\/morenoprimero.com.ar\/archivo\/wp-json\/wp\/v2\/types\/post"}],"author":[{"embeddable":true,"href":"https:\/\/morenoprimero.com.ar\/archivo\/wp-json\/wp\/v2\/users\/6"}],"replies":[{"embeddable":true,"href":"https:\/\/morenoprimero.com.ar\/archivo\/wp-json\/wp\/v2\/comments?post=9744"}],"version-history":[{"count":2,"href":"https:\/\/morenoprimero.com.ar\/archivo\/wp-json\/wp\/v2\/posts\/9744\/revisions"}],"predecessor-version":[{"id":9753,"href":"https:\/\/morenoprimero.com.ar\/archivo\/wp-json\/wp\/v2\/posts\/9744\/revisions\/9753"}],"wp:featuredmedia":[{"embeddable":true,"href":"https:\/\/morenoprimero.com.ar\/archivo\/wp-json\/wp\/v2\/media\/9412"}],"wp:attachment":[{"href":"https:\/\/morenoprimero.com.ar\/archivo\/wp-json\/wp\/v2\/media?parent=9744"}],"wp:term":[{"taxonomy":"category","embeddable":true,"href":"https:\/\/morenoprimero.com.ar\/archivo\/wp-json\/wp\/v2\/categories?post=9744"},{"taxonomy":"post_tag","embeddable":true,"href":"https:\/\/morenoprimero.com.ar\/archivo\/wp-json\/wp\/v2\/tags?post=9744"}],"curies":[{"name":"wp","href":"https:\/\/api.w.org\/{rel}","templated":true}]}}