{"id":9700,"date":"2021-03-17T17:11:15","date_gmt":"2021-03-17T17:11:15","guid":{"rendered":"https:\/\/morenoprimero.com.ar\/?p=9700"},"modified":"2021-03-17T17:11:15","modified_gmt":"2021-03-17T17:11:15","slug":"vieron-a-maia-y-al-hombre-que-la-secuestro-bajar-del-tren-en-castelar","status":"publish","type":"post","link":"https:\/\/morenoprimero.com.ar\/archivo\/vieron-a-maia-y-al-hombre-que-la-secuestro-bajar-del-tren-en-castelar\/","title":{"rendered":"VIERON A MAIA Y AL HOMBRE QUE LA SECUESTR\u00d3 BAJAR DEL TREN EN CASTELAR"},"content":{"rendered":"\n<h4 class=\"wp-block-heading\">Ahora la b\u00fasqueda se centra en Mor\u00f3n e Ituzaing\u00f3. Maia Yael Beloso y el hombre que la llev\u00f3 fueron encontrados en distintas im\u00e1genes de los sistemas de monitoreo y seguridad nacional y provincial.<\/h4>\n\n\n\n<p>La ni\u00f1a de 7 a\u00f1os que desapareci\u00f3 en Villa Lugano junto a un hombre que ofreci\u00f3 darle una bici m\u00e1s grande fue vista en los sistemas de monitoreo de zona oeste. <\/p>\n\n\n\n<p>El primer video permite observar a Maia cuando iba detr\u00e1s del hombre que se conoc\u00eda como Carlitos, y que en realidad se trata de Carlos Savanz, cuando ingresan al and\u00e9n de la estaci\u00f3n<strong> Liniers<\/strong> del ferrocarril Sarmiento, a las 9.50 del lunes.<\/p>\n\n\n\n<p>Unos 20 minutos despu\u00e9s&nbsp;<strong>se observa que ambos descienden del tren en la estaci\u00f3n de Castelar<\/strong>, en el partido bonaerense de Mor\u00f3n, y luego a las 11 son divisados por otras c\u00e1maras de seguridad en el cruce de las avenidas Santa Rosa y Mu\u00f1iz, en el l\u00edmite entre los partido de Mor\u00f3n e Ituzaing\u00f3.<\/p>\n\n\n\n<p><strong>Seg\u00fan las c\u00e1maras de video, el supuesto Savanz lleva una bicicleta y en la parte de atr\u00e1s una bolsa que contiene dos ruedas, que ser\u00edan de la bicicleta que ten\u00eda Maia antes de su desaparici\u00f3n, y que el hombre le hab\u00eda ofrecido cambiar por una nueva.<\/strong><\/p>\n\n\n\n<p>Por el momento no aparecieron nuevas im\u00e1genes y contin\u00faa la b\u00fasqueda que se centra en la zona oeste, m\u00e1s precisamente en Moreno donde este martes la polic\u00eda detuvo a Carlos Alberto Savanz (35), aparentemente el primo del hombre buscado por la desaparici\u00f3n de Maia.<\/p>\n\n\n\n<p>Info: T\u00e9lam. <\/p>\n\n\n\n<p><\/p>\n","protected":false},"excerpt":{"rendered":"<p>Ahora la b\u00fasqueda se centra en Mor\u00f3n e Ituzaing\u00f3. Maia Yael Beloso y el hombre que la llev\u00f3 fueron encontrados en distintas im\u00e1genes de los sistemas de monitoreo y seguridad nacional y provincial. La ni\u00f1a de 7 a\u00f1os que desapareci\u00f3 &hellip; <a href=\"https:\/\/morenoprimero.com.ar\/archivo\/vieron-a-maia-y-al-hombre-que-la-secuestro-bajar-del-tren-en-castelar\/\">Sigue leyendo <span class=\"meta-nav\">&rarr;<\/span><\/a><\/p>\n","protected":false},"author":6,"featured_media":9701,"comment_status":"open","ping_status":"open","sticky":false,"template":"","format":"standard","meta":{"footnotes":""},"categories":[8],"tags":[1929,1921,1930,672],"class_list":["post-9700","post","type-post","status-publish","format-standard","has-post-thumbnail","hentry","category-policiales","tag-desespera-busqueda","tag-maia","tag-nina","tag-zona-oeste"],"_links":{"self":[{"href":"https:\/\/morenoprimero.com.ar\/archivo\/wp-json\/wp\/v2\/posts\/9700","targetHints":{"allow":["GET"]}}],"collection":[{"href":"https:\/\/morenoprimero.com.ar\/archivo\/wp-json\/wp\/v2\/posts"}],"about":[{"href":"https:\/\/morenoprimero.com.ar\/archivo\/wp-json\/wp\/v2\/types\/post"}],"author":[{"embeddable":true,"href":"https:\/\/morenoprimero.com.ar\/archivo\/wp-json\/wp\/v2\/users\/6"}],"replies":[{"embeddable":true,"href":"https:\/\/morenoprimero.com.ar\/archivo\/wp-json\/wp\/v2\/comments?post=9700"}],"version-history":[{"count":3,"href":"https:\/\/morenoprimero.com.ar\/archivo\/wp-json\/wp\/v2\/posts\/9700\/revisions"}],"predecessor-version":[{"id":9722,"href":"https:\/\/morenoprimero.com.ar\/archivo\/wp-json\/wp\/v2\/posts\/9700\/revisions\/9722"}],"wp:featuredmedia":[{"embeddable":true,"href":"https:\/\/morenoprimero.com.ar\/archivo\/wp-json\/wp\/v2\/media\/9701"}],"wp:attachment":[{"href":"https:\/\/morenoprimero.com.ar\/archivo\/wp-json\/wp\/v2\/media?parent=9700"}],"wp:term":[{"taxonomy":"category","embeddable":true,"href":"https:\/\/morenoprimero.com.ar\/archivo\/wp-json\/wp\/v2\/categories?post=9700"},{"taxonomy":"post_tag","embeddable":true,"href":"https:\/\/morenoprimero.com.ar\/archivo\/wp-json\/wp\/v2\/tags?post=9700"}],"curies":[{"name":"wp","href":"https:\/\/api.w.org\/{rel}","templated":true}]}}