{"id":9681,"date":"2021-03-17T11:49:35","date_gmt":"2021-03-17T11:49:35","guid":{"rendered":"https:\/\/morenoprimero.com.ar\/?p=9681"},"modified":"2021-03-17T11:49:36","modified_gmt":"2021-03-17T11:49:36","slug":"dos-delincuentes-fueron-detenidos-tras-persecucion","status":"publish","type":"post","link":"https:\/\/morenoprimero.com.ar\/archivo\/dos-delincuentes-fueron-detenidos-tras-persecucion\/","title":{"rendered":"DOS DELINCUENTES FUERON DETENIDOS TRAS PERSECUCI\u00d3N"},"content":{"rendered":"\n<h4 class=\"wp-block-heading\">  Escapaban de un control de rutina de la polic\u00eda, con un arma en su mochila.<\/h4>\n\n\n\n<p>En el d\u00eda de ayer, mi\u00e9rcoles 17 de marzo, <strong>la polic\u00eda detuvo, tras una breve&nbsp;persecuci\u00f3n, a dos delincuentes en las calles Alvear entre Segundo Sombra y Combatientes de Moreno.&nbsp;&nbsp;<\/strong><\/p>\n\n\n\n<p>&nbsp; Se trasladaban en una moto Honda XRE 300 verde, que pose\u00eda pedido de secuestro activo por robo de la localidad de Zarate.&nbsp;&nbsp;&nbsp;<\/p>\n\n\n\n<p>El hecho se produjo cuando estos se dieron a la fuga de un control de rutina de la polic\u00eda, y finalmente fueron atrapados.&nbsp;&nbsp;<\/p>\n\n\n\n<p>En su poder<strong> se les incaut\u00f3 una mochila&nbsp;con un&nbsp;arma de fuego de fuego tipo revolver calibre 38.<\/strong> Intervino la UFI 2.&nbsp;<\/p>\n","protected":false},"excerpt":{"rendered":"<p>Escapaban de un control de rutina de la polic\u00eda, con un arma en su mochila. En el d\u00eda de ayer, mi\u00e9rcoles 17 de marzo, la polic\u00eda detuvo, tras una breve&nbsp;persecuci\u00f3n, a dos delincuentes en las calles Alvear entre Segundo Sombra &hellip; <a href=\"https:\/\/morenoprimero.com.ar\/archivo\/dos-delincuentes-fueron-detenidos-tras-persecucion\/\">Sigue leyendo <span class=\"meta-nav\">&rarr;<\/span><\/a><\/p>\n","protected":false},"author":6,"featured_media":9682,"comment_status":"open","ping_status":"open","sticky":false,"template":"","format":"standard","meta":{"footnotes":""},"categories":[8],"tags":[112,6,382,31],"class_list":["post-9681","post","type-post","status-publish","format-standard","has-post-thumbnail","hentry","category-policiales","tag-detenidos","tag-moreno","tag-motochorros","tag-policia"],"_links":{"self":[{"href":"https:\/\/morenoprimero.com.ar\/archivo\/wp-json\/wp\/v2\/posts\/9681","targetHints":{"allow":["GET"]}}],"collection":[{"href":"https:\/\/morenoprimero.com.ar\/archivo\/wp-json\/wp\/v2\/posts"}],"about":[{"href":"https:\/\/morenoprimero.com.ar\/archivo\/wp-json\/wp\/v2\/types\/post"}],"author":[{"embeddable":true,"href":"https:\/\/morenoprimero.com.ar\/archivo\/wp-json\/wp\/v2\/users\/6"}],"replies":[{"embeddable":true,"href":"https:\/\/morenoprimero.com.ar\/archivo\/wp-json\/wp\/v2\/comments?post=9681"}],"version-history":[{"count":2,"href":"https:\/\/morenoprimero.com.ar\/archivo\/wp-json\/wp\/v2\/posts\/9681\/revisions"}],"predecessor-version":[{"id":9694,"href":"https:\/\/morenoprimero.com.ar\/archivo\/wp-json\/wp\/v2\/posts\/9681\/revisions\/9694"}],"wp:featuredmedia":[{"embeddable":true,"href":"https:\/\/morenoprimero.com.ar\/archivo\/wp-json\/wp\/v2\/media\/9682"}],"wp:attachment":[{"href":"https:\/\/morenoprimero.com.ar\/archivo\/wp-json\/wp\/v2\/media?parent=9681"}],"wp:term":[{"taxonomy":"category","embeddable":true,"href":"https:\/\/morenoprimero.com.ar\/archivo\/wp-json\/wp\/v2\/categories?post=9681"},{"taxonomy":"post_tag","embeddable":true,"href":"https:\/\/morenoprimero.com.ar\/archivo\/wp-json\/wp\/v2\/tags?post=9681"}],"curies":[{"name":"wp","href":"https:\/\/api.w.org\/{rel}","templated":true}]}}