{"id":9667,"date":"2021-03-17T11:49:48","date_gmt":"2021-03-17T11:49:48","guid":{"rendered":"https:\/\/morenoprimero.com.ar\/?p=9667"},"modified":"2021-03-17T11:49:48","modified_gmt":"2021-03-17T11:49:48","slug":"el-hcd-prorrogo-por-12-meses-la-emergencia-publica-en-violencia-de-genero","status":"publish","type":"post","link":"https:\/\/morenoprimero.com.ar\/archivo\/el-hcd-prorrogo-por-12-meses-la-emergencia-publica-en-violencia-de-genero\/","title":{"rendered":"EL HCD PRORROG\u00d3 POR 12 MESES LA EMERGENCIA P\u00daBLICA EN VIOLENCIA DE G\u00c9NERO"},"content":{"rendered":"\n<h4 class=\"wp-block-heading\">Es por la falta de resoluci\u00f3n de la realidad actual violenta que viven las mujeres y disidentes en el distrito de Moreno. <\/h4>\n\n\n\n<p>El viernes pasado se llev\u00f3 a cabo la segunda sesi\u00f3n ordinario del per\u00edodo legislativo 2021 en el <strong>Concejo Deliberante de Moreno<\/strong>. All\u00ed, la concejala <strong>Josefina Diaz Ciarlo<\/strong> solicit\u00f3, junto al bloque Frente de Todos, una pr\u00f3rroga por 12 meses en la emergencia p\u00fablica en violencia de g\u00e9nero en el distrito.<\/p>\n\n\n\n<p><em><strong>A pesar de los esfuerzos nacionales y provinciales tanto del ministerio nacional como del ministerio de la provincia, <\/strong>no hemos podido canalizar la soluci\u00f3n en funci\u00f3n del cambio cultural que esto implica en construir una sociedad de iguales donde las mujeres dejemos de estar en situaci\u00f3n de peligro frente a la violencia machista y a la sociedad patriarcal<\/em>, manifest\u00f3 la concejala del <strong>Frente de Todos<\/strong>.<\/p>\n\n\n\n<figure class=\"wp-block-image size-large\"><img loading=\"lazy\" decoding=\"async\" width=\"1024\" height=\"985\" src=\"https:\/\/morenoprimero.com.ar\/wp-content\/uploads\/2021\/03\/JOSEFINA-DIAZ-CIARLOU-1024x985.jpg\" alt=\"\" class=\"wp-image-9671\" srcset=\"https:\/\/morenoprimero.com.ar\/archivo\/wp-content\/uploads\/2021\/03\/JOSEFINA-DIAZ-CIARLOU-1024x985.jpg 1024w, https:\/\/morenoprimero.com.ar\/archivo\/wp-content\/uploads\/2021\/03\/JOSEFINA-DIAZ-CIARLOU-300x289.jpg 300w, https:\/\/morenoprimero.com.ar\/archivo\/wp-content\/uploads\/2021\/03\/JOSEFINA-DIAZ-CIARLOU-768x739.jpg 768w, https:\/\/morenoprimero.com.ar\/archivo\/wp-content\/uploads\/2021\/03\/JOSEFINA-DIAZ-CIARLOU.jpg 1280w\" sizes=\"auto, (max-width: 1024px) 100vw, 1024px\" \/><\/figure>\n\n\n\n<p>Adem\u00e1s expres\u00f3 que no ha habido un control sobre lo que implic\u00f3 la emergencia en el pasado por eso les pareci\u00f3, que era importante promulgarla por doce meses entendiendo<em> <strong>la importancia de la comisi\u00f3n de seguimiento de la emergencia sabiendo que eso va a implicar que nuestra sociedad, la ciudadan\u00eda en general, pero en particular quienes necesitan de respuestas del estado sepan cu\u00e1les fueron las medidas tomadas en funci\u00f3n de esta realidad.<\/strong><\/em><\/p>\n\n\n\n<p>Por \u00faltimo, mencion\u00f3 que se entiende desde el bloque, la continuidad de una realidad que no se ha podido resolver y por eso<em><strong> comprendemos la necesidad de seguir evidenciando la emergencia en&nbsp;funci\u00f3n de&nbsp;una realidad social y cultural que nos atraviesa a&nbsp;todas y todes<\/strong><\/em>, agreg\u00f3 la concejala Josefina Diaz Ciarlo.<\/p>\n\n\n\n<p><\/p>\n\n\n\n<p><\/p>\n\n\n\n<p><\/p>\n\n\n\n<p><\/p>\n","protected":false},"excerpt":{"rendered":"<p>Es por la falta de resoluci\u00f3n de la realidad actual violenta que viven las mujeres y disidentes en el distrito de Moreno. El viernes pasado se llev\u00f3 a cabo la segunda sesi\u00f3n ordinario del per\u00edodo legislativo 2021 en el Concejo &hellip; <a href=\"https:\/\/morenoprimero.com.ar\/archivo\/el-hcd-prorrogo-por-12-meses-la-emergencia-publica-en-violencia-de-genero\/\">Sigue leyendo <span class=\"meta-nav\">&rarr;<\/span><\/a><\/p>\n","protected":false},"author":6,"featured_media":9670,"comment_status":"open","ping_status":"open","sticky":false,"template":"","format":"standard","meta":{"footnotes":""},"categories":[27],"tags":[1924,666,1243,6],"class_list":["post-9667","post","type-post","status-publish","format-standard","has-post-thumbnail","hentry","category-politica","tag-emergencia-publica-en-violencia-de-genero","tag-frente-de-todos-moreno","tag-hcd","tag-moreno"],"_links":{"self":[{"href":"https:\/\/morenoprimero.com.ar\/archivo\/wp-json\/wp\/v2\/posts\/9667","targetHints":{"allow":["GET"]}}],"collection":[{"href":"https:\/\/morenoprimero.com.ar\/archivo\/wp-json\/wp\/v2\/posts"}],"about":[{"href":"https:\/\/morenoprimero.com.ar\/archivo\/wp-json\/wp\/v2\/types\/post"}],"author":[{"embeddable":true,"href":"https:\/\/morenoprimero.com.ar\/archivo\/wp-json\/wp\/v2\/users\/6"}],"replies":[{"embeddable":true,"href":"https:\/\/morenoprimero.com.ar\/archivo\/wp-json\/wp\/v2\/comments?post=9667"}],"version-history":[{"count":4,"href":"https:\/\/morenoprimero.com.ar\/archivo\/wp-json\/wp\/v2\/posts\/9667\/revisions"}],"predecessor-version":[{"id":9695,"href":"https:\/\/morenoprimero.com.ar\/archivo\/wp-json\/wp\/v2\/posts\/9667\/revisions\/9695"}],"wp:featuredmedia":[{"embeddable":true,"href":"https:\/\/morenoprimero.com.ar\/archivo\/wp-json\/wp\/v2\/media\/9670"}],"wp:attachment":[{"href":"https:\/\/morenoprimero.com.ar\/archivo\/wp-json\/wp\/v2\/media?parent=9667"}],"wp:term":[{"taxonomy":"category","embeddable":true,"href":"https:\/\/morenoprimero.com.ar\/archivo\/wp-json\/wp\/v2\/categories?post=9667"},{"taxonomy":"post_tag","embeddable":true,"href":"https:\/\/morenoprimero.com.ar\/archivo\/wp-json\/wp\/v2\/tags?post=9667"}],"curies":[{"name":"wp","href":"https:\/\/api.w.org\/{rel}","templated":true}]}}