{"id":9554,"date":"2021-03-12T18:42:04","date_gmt":"2021-03-12T18:42:04","guid":{"rendered":"https:\/\/morenoprimero.com.ar\/?p=9554"},"modified":"2021-03-12T18:42:04","modified_gmt":"2021-03-12T18:42:04","slug":"bicentenario-de-la-universidad-de-buenos-aires-la-uba-es-igualdad-dijo-el-presidente","status":"publish","type":"post","link":"https:\/\/morenoprimero.com.ar\/archivo\/bicentenario-de-la-universidad-de-buenos-aires-la-uba-es-igualdad-dijo-el-presidente\/","title":{"rendered":"BICENTENARIO DE LA UNIVERSIDAD DE BUENOS AIRES: \u00abLA UBA ES IGUALDAD\u00bb, DIJO EL PRESIDENTE"},"content":{"rendered":"\n<p><\/p>\n\n\n\n<h4 class=\"wp-block-heading\">El presidente Alberto Fern\u00e1ndez encabez\u00f3 este mediod\u00eda el acto que dio por iniciado oficialmente el A\u00f1o del Bicentenario de la Universidad de Buenos Aires (UBA).<\/h4>\n\n\n\n<p>\u201cLa UBA es igualdad, es la posibilidad que todos tenemos de entrar a un centro de estudios enorme, inmenso, por historia y por presente\u201d, se\u00f1al\u00f3 el Jefe de Estado al hablar en la ceremonia que tuvo lugar en la Sala de Representantes de la hist\u00f3rica Manzana de las Luces, ubicada en el barrio porte\u00f1o de Monserrat.<\/p>\n\n\n\n<p>\u201cEn la UBA no sabemos c\u00f3mo pensamos los que entramos, no sabemos de qu\u00e9 familias venimos. Pero ah\u00ed adentro todos recibimos el mismo trato, todos somos respetados y todas nos respetamos. Y podemos progresar y podemos crecer en ese ambiente diverso\u201d, remarc\u00f3 el Presidente junto al rector de esa casa de altos estudios, Alberto Barbieri.<\/p>\n\n\n\n<p><strong>Fern\u00e1ndez, quien se gradu\u00f3 de abogado en la UBA en 1983 y es docente en la materia de Teor\u00eda General del Delito y Sistema de la Facultad de Derecho, agreg\u00f3 que \u201cla universidad es el mejor lugar del mundo para hacer lo posible para cambiar el mundo\u201d.<\/strong><\/p>\n\n\n\n<figure class=\"wp-block-image size-large\"><img loading=\"lazy\" decoding=\"async\" width=\"1024\" height=\"682\" src=\"https:\/\/morenoprimero.com.ar\/wp-content\/uploads\/2021\/03\/UBA200-1-1024x682.jpg\" alt=\"\" class=\"wp-image-9556\" srcset=\"https:\/\/morenoprimero.com.ar\/archivo\/wp-content\/uploads\/2021\/03\/UBA200-1-1024x682.jpg 1024w, https:\/\/morenoprimero.com.ar\/archivo\/wp-content\/uploads\/2021\/03\/UBA200-1-300x200.jpg 300w, https:\/\/morenoprimero.com.ar\/archivo\/wp-content\/uploads\/2021\/03\/UBA200-1-768x512.jpg 768w, https:\/\/morenoprimero.com.ar\/archivo\/wp-content\/uploads\/2021\/03\/UBA200-1.jpg 1280w\" sizes=\"auto, (max-width: 1024px) 100vw, 1024px\" \/><\/figure>\n\n\n\n<p>En tanto, el rector Barbieri afirm\u00f3 que la UBA, cuna de cinco premios nobel y de 16 presidentes argentinos, \u201cdemuestra en el mundo, d\u00eda a d\u00eda, que calidad y masividad no son ideas contrapuestas, y es un ejemplo para muchos lugares de Am\u00e9rica latina y en el mundo\u201d.<\/p>\n\n\n\n<p>Participaron tambi\u00e9n del acto el gobernador bonaerense, Axel Kicillof, y el jefe de Gobierno de la Ciudad de Buenos Aires, Horacio Rodr\u00edguez Larreta.<\/p>\n\n\n\n<p>Kicillof subray\u00f3 que<strong> \u201cel papel que tiene que fortalecer la UBA desde su autonom\u00eda es el de convertirse en un resorte en un motor de la transformaci\u00f3n de la Argentina, que se comprometa con el desarrollo, con una patria m\u00e1s libre y soberana\u201d.<\/strong><\/p>\n\n\n\n<p>Por su parte, Rodr\u00edguez Larreta destac\u00f3 que desde su punto de vista <strong>\u201cla UBA es un orgullo, es la combinaci\u00f3n de la excelencia acad\u00e9mica con la vocaci\u00f3n de inclusi\u00f3n social\u201d.<\/strong><\/p>\n\n\n\n<p>Formaron parte del evento el jefe de Gabinete, Santiago Cafiero; los ministros de Educaci\u00f3n, Nicol\u00e1s Trotta; de Cultura, Trist\u00e1n Bauer, y de Obras P\u00fablicas, Gabriel Katopodis; los secretarios General de la Presidencia, Julio Vitobello, de Comunicaci\u00f3n y Prensa, Juan Pablo Biondi y de Pol\u00edticas Universitarias, Jaime Perczyk,<\/p>\n\n\n\n<p><strong>Durante la actividad se transmiti\u00f3 un banderazo en todas las Facultades con el que se dio inicio oficial al ciclo de eventos que se realizar\u00e1n durante el a\u00f1o bajo el lema \u201c200 a\u00f1os formando futuro\u201d, hasta llegar al d\u00eda en el que se conmemora la fundaci\u00f3n de la UBA que fue el 12 de agosto de 1821<\/strong><\/p>\n","protected":false},"excerpt":{"rendered":"<p>El presidente Alberto Fern\u00e1ndez encabez\u00f3 este mediod\u00eda el acto que dio por iniciado oficialmente el A\u00f1o del Bicentenario de la Universidad de Buenos Aires (UBA). \u201cLa UBA es igualdad, es la posibilidad que todos tenemos de entrar a un centro &hellip; <a href=\"https:\/\/morenoprimero.com.ar\/archivo\/bicentenario-de-la-universidad-de-buenos-aires-la-uba-es-igualdad-dijo-el-presidente\/\">Sigue leyendo <span class=\"meta-nav\">&rarr;<\/span><\/a><\/p>\n","protected":false},"author":6,"featured_media":9555,"comment_status":"open","ping_status":"open","sticky":false,"template":"","format":"standard","meta":{"footnotes":""},"categories":[578,3,27],"tags":[645,609,192,1903],"class_list":["post-9554","post","type-post","status-publish","format-standard","has-post-thumbnail","hentry","category-educacion","category-importantes","category-politica","tag-alberto-fernandez-2","tag-aniversario","tag-educacion-publica","tag-uba"],"_links":{"self":[{"href":"https:\/\/morenoprimero.com.ar\/archivo\/wp-json\/wp\/v2\/posts\/9554","targetHints":{"allow":["GET"]}}],"collection":[{"href":"https:\/\/morenoprimero.com.ar\/archivo\/wp-json\/wp\/v2\/posts"}],"about":[{"href":"https:\/\/morenoprimero.com.ar\/archivo\/wp-json\/wp\/v2\/types\/post"}],"author":[{"embeddable":true,"href":"https:\/\/morenoprimero.com.ar\/archivo\/wp-json\/wp\/v2\/users\/6"}],"replies":[{"embeddable":true,"href":"https:\/\/morenoprimero.com.ar\/archivo\/wp-json\/wp\/v2\/comments?post=9554"}],"version-history":[{"count":1,"href":"https:\/\/morenoprimero.com.ar\/archivo\/wp-json\/wp\/v2\/posts\/9554\/revisions"}],"predecessor-version":[{"id":9557,"href":"https:\/\/morenoprimero.com.ar\/archivo\/wp-json\/wp\/v2\/posts\/9554\/revisions\/9557"}],"wp:featuredmedia":[{"embeddable":true,"href":"https:\/\/morenoprimero.com.ar\/archivo\/wp-json\/wp\/v2\/media\/9555"}],"wp:attachment":[{"href":"https:\/\/morenoprimero.com.ar\/archivo\/wp-json\/wp\/v2\/media?parent=9554"}],"wp:term":[{"taxonomy":"category","embeddable":true,"href":"https:\/\/morenoprimero.com.ar\/archivo\/wp-json\/wp\/v2\/categories?post=9554"},{"taxonomy":"post_tag","embeddable":true,"href":"https:\/\/morenoprimero.com.ar\/archivo\/wp-json\/wp\/v2\/tags?post=9554"}],"curies":[{"name":"wp","href":"https:\/\/api.w.org\/{rel}","templated":true}]}}