{"id":9550,"date":"2021-03-12T18:42:26","date_gmt":"2021-03-12T18:42:26","guid":{"rendered":"https:\/\/morenoprimero.com.ar\/?p=9550"},"modified":"2021-03-12T18:42:27","modified_gmt":"2021-03-12T18:42:27","slug":"el-gobierno-reglamento-el-registro-de-autocultivo-de-cannabis-medicinal","status":"publish","type":"post","link":"https:\/\/morenoprimero.com.ar\/archivo\/el-gobierno-reglamento-el-registro-de-autocultivo-de-cannabis-medicinal\/","title":{"rendered":"EL GOBIERNO REGLAMENT\u00d3 EL REGISTRO DE AUTOCULTIVO DE CANNABIS MEDICINAL"},"content":{"rendered":"\n<h4 class=\"wp-block-heading\">La resoluci\u00f3n establece que usuarios y usuarias de cannabis medicinal podr\u00e1n inscribirse por s\u00ed o a trav\u00e9s de un representante y obtener autorizaci\u00f3n para cultivar, para acceder al cultivo a trav\u00e9s una tercera persona o a trav\u00e9s de una organizaci\u00f3n civil autorizada.&nbsp;<\/h4>\n\n\n\n<p>El Gobierno reglament\u00f3 este viernes, a trav\u00e9s de una resoluci\u00f3n del Ministerio de Salud, el funcionamiento del Sistema de Registro del Programa de Cannabis (Reprocann), donde <strong>\u00abusuarios y usuarias de cannabis medicinal\u00bb podr\u00e1n inscribirse \u00abpor s\u00ed o a trav\u00e9s de un representante y obtener autorizaci\u00f3n para cultivar, para acceder al cultivo a trav\u00e9s una tercera persona (cultivador) o a trav\u00e9s de una organizaci\u00f3n civil autorizada a esos efectos\u00bb.&nbsp;<\/strong><br>&nbsp;<br>La resoluci\u00f3n, que lleva el n\u00famero 800\/2021, establece adem\u00e1s la derogaci\u00f3n de la resoluci\u00f3n ministerial 1537 del 21 de septiembre de 2017, que establec\u00eda una regulaci\u00f3n m\u00e1s restrictiva de la ley de Uso Medicinal del Cannabis (27.350) y que fue superada a partir de la nueva reglamentaci\u00f3n que se sancion\u00f3 en noviembre de 2020.&nbsp;<br>&nbsp;<br>En adelante,&nbsp;Reprocann&nbsp;\u00abregistrar\u00e1 a los usuarios y usuarias que acceden a la planta de Cannabis y sus derivados, como tratamiento medicinal, terap\u00e9utico y\/o paliativo del dolor, a trav\u00e9s del cultivo controlado\u00bb lo que les permitir\u00e1 cultivar, o bien acceder al cultivo a trav\u00e9s de un cultivador o de organizaciones autorizadas para este fin.&nbsp;<\/p>\n\n\n\n<p><strong>Para solicitar esta inscripci\u00f3n, que puede realizarse en&nbsp;<a rel=\"noreferrer noopener\" href=\"https:\/\/reprocann.salud.gob.ar\/\" target=\"_blank\">https:\/\/reprocann.salud.gob.ar<\/a>., es requisito \u00abexcluyente\u00bb contar con indicaci\u00f3n m\u00e9dica de uso de cannabis y sus derivados por parte de un profesional m\u00e9dico.&nbsp;<\/strong><br>&nbsp;<br><strong>La resoluci\u00f3n estableci\u00f3, adem\u00e1s, que \u00ablos usuarios y usuarias que acceden a la planta de cannabis y sus derivados, los terceros cultivadores y los m\u00e9dicos tratantes deber\u00e1n contar con usuario vigente en la plataforma:&nbsp;<a rel=\"noreferrer noopener\" href=\"http:\/\/argentina.gob.ar\/\" target=\"_blank\">Argentina.gob.ar<\/a>\u00ab<\/strong>, en tanto que la autorizaci\u00f3n que se obtiene a trav\u00e9s de la inscripci\u00f3n tendr\u00e1 vigencia de un a\u00f1o.&nbsp;<br>&nbsp;<br>En el anexo II, se autoriza el cultivo de entre 1 y 9 plantas florecidas, en hasta seis metros cuadrados en interior (en el exterior no estar\u00e1 permitido cultiva) y se pueden transportar entre 1 y 6 frascos de 30 mililitros o hasta 40 gramos de flores secas.&nbsp;<br>&nbsp;<br><strong>\u00abLa actualizaci\u00f3n de tales l\u00edmites m\u00e1ximos estar\u00e1 a cargo del Programa Nacional para el Estudio y la Investigaci\u00f3n del Uso Medicinal de la Planta de Cannabis, sus derivados y Tratamientos No Convencionales\u00bb, de acuerdo a la evoluci\u00f3n de la evidencia cient\u00edfica.<\/strong>&nbsp;<br>&nbsp;<br>La Ley 27.350 fue sancionada en marzo de 2017 pero durante a\u00f1os el acceso al tratamiento se vio restringido por su reglamentaci\u00f3n, lo que fue denunciado por las organizaciones de familiares de pacientes.&nbsp;<br>&nbsp;<br><strong>En noviembre del a\u00f1o pasado se realiz\u00f3 una nueva reglamentaci\u00f3n que ampli\u00f3 su utilizaci\u00f3n m\u00e1s all\u00e1 de la epilepsia refractaria, permiti\u00f3 el autocultivo, garantiz\u00f3 la provisi\u00f3n para pacientes, foment\u00f3 la investigaci\u00f3n y autoriz\u00f3 la producci\u00f3n p\u00fablica y privada de aceite y otros derivados.<\/strong>&nbsp;<\/p>\n\n\n\n<p>INFO: T\u00e9lam<\/p>\n","protected":false},"excerpt":{"rendered":"<p>La resoluci\u00f3n establece que usuarios y usuarias de cannabis medicinal podr\u00e1n inscribirse por s\u00ed o a trav\u00e9s de un representante y obtener autorizaci\u00f3n para cultivar, para acceder al cultivo a trav\u00e9s una tercera persona o a trav\u00e9s de una organizaci\u00f3n &hellip; <a href=\"https:\/\/morenoprimero.com.ar\/archivo\/el-gobierno-reglamento-el-registro-de-autocultivo-de-cannabis-medicinal\/\">Sigue leyendo <span class=\"meta-nav\">&rarr;<\/span><\/a><\/p>\n","protected":false},"author":6,"featured_media":9552,"comment_status":"open","ping_status":"open","sticky":false,"template":"","format":"standard","meta":{"footnotes":""},"categories":[21,20],"tags":[603,1629],"class_list":["post-9550","post","type-post","status-publish","format-standard","has-post-thumbnail","hentry","category-interes-general","category-sociedad","tag-gobierno-nacional","tag-marihuana"],"_links":{"self":[{"href":"https:\/\/morenoprimero.com.ar\/archivo\/wp-json\/wp\/v2\/posts\/9550","targetHints":{"allow":["GET"]}}],"collection":[{"href":"https:\/\/morenoprimero.com.ar\/archivo\/wp-json\/wp\/v2\/posts"}],"about":[{"href":"https:\/\/morenoprimero.com.ar\/archivo\/wp-json\/wp\/v2\/types\/post"}],"author":[{"embeddable":true,"href":"https:\/\/morenoprimero.com.ar\/archivo\/wp-json\/wp\/v2\/users\/6"}],"replies":[{"embeddable":true,"href":"https:\/\/morenoprimero.com.ar\/archivo\/wp-json\/wp\/v2\/comments?post=9550"}],"version-history":[{"count":2,"href":"https:\/\/morenoprimero.com.ar\/archivo\/wp-json\/wp\/v2\/posts\/9550\/revisions"}],"predecessor-version":[{"id":9564,"href":"https:\/\/morenoprimero.com.ar\/archivo\/wp-json\/wp\/v2\/posts\/9550\/revisions\/9564"}],"wp:featuredmedia":[{"embeddable":true,"href":"https:\/\/morenoprimero.com.ar\/archivo\/wp-json\/wp\/v2\/media\/9552"}],"wp:attachment":[{"href":"https:\/\/morenoprimero.com.ar\/archivo\/wp-json\/wp\/v2\/media?parent=9550"}],"wp:term":[{"taxonomy":"category","embeddable":true,"href":"https:\/\/morenoprimero.com.ar\/archivo\/wp-json\/wp\/v2\/categories?post=9550"},{"taxonomy":"post_tag","embeddable":true,"href":"https:\/\/morenoprimero.com.ar\/archivo\/wp-json\/wp\/v2\/tags?post=9550"}],"curies":[{"name":"wp","href":"https:\/\/api.w.org\/{rel}","templated":true}]}}