{"id":9544,"date":"2021-03-12T18:43:43","date_gmt":"2021-03-12T18:43:43","guid":{"rendered":"https:\/\/morenoprimero.com.ar\/?p=9544"},"modified":"2021-03-12T18:43:43","modified_gmt":"2021-03-12T18:43:43","slug":"salvarezza-la-vacuna-argentina-contra-el-coronavirus-podria-estar-en-un-ano-y-medio","status":"publish","type":"post","link":"https:\/\/morenoprimero.com.ar\/archivo\/salvarezza-la-vacuna-argentina-contra-el-coronavirus-podria-estar-en-un-ano-y-medio\/","title":{"rendered":"SALVAREZZA: LA VACUNA ARGENTINA CONTRA EL CORONAVIRUS \u00abPODR\u00cdA ESTAR EN UN A\u00d1O Y MEDIO\u00bb"},"content":{"rendered":"\n<h4 class=\"wp-block-heading\">\u00abEstamos trabajando con el laboratorio que est\u00e1 interesado en fabricarla, y por terminar alg\u00fan ensayo precl\u00ednico que falta, por lo que en unos meses estar\u00edamos entrando en una fase 1\u00bb, explic\u00f3 el ministro de Ciencia, Tecnolog\u00eda e Innovaci\u00f3n.<\/h4>\n\n\n\n<p>El ministro de Ciencia, Tecnolog\u00eda e Innovaci\u00f3n de la Naci\u00f3n, Roberto Salvarezza, asegur\u00f3 este viernes que \u00abvenimos bien\u00bb con el desarrollo de&nbsp;<strong>la vacuna contra el coronavirus que cient\u00edficos argentinos realizan en la Universidad de San Mart\u00edn (Unsam),<\/strong>&nbsp;y estim\u00f3 que \u00aben unos meses comenzar\u00e1 la fase 1, por lo que en un a\u00f1o y medio podr\u00eda estar lista\u00bb.<\/p>\n\n\n\n<p>\u00abVenimos bien,<strong>&nbsp;estamos trabajando con el laboratorio que est\u00e1 interesado en fabricarla, y por terminar alg\u00fan ensayo precl\u00ednico<\/strong>&nbsp;que falta, por lo que en unos meses estar\u00edamos entrando en una fase 1&#8243;, explic\u00f3 el Ministro en di\u00e1logo con radio El Destape.<\/p>\n\n\n\n<p>Mientras que, al ser consultado por los tiempos, agreg\u00f3: \u00abEn el horizonte de un a\u00f1o y medio podemos tener una vacuna argentina a prote\u00edna recombianante, que es lo que esta bajo trabajo de investigaci\u00f3n en la Universidad de San Mart\u00edn\u00bb.<\/p>\n\n\n\n<p>Sobre el desarrollo, Salvarezza opin\u00f3 que<strong> es \u00abmuy importante\u00bb porque \u00abeste tema que a uno le preocupa mucho, es que esta pandemia vuelva en forma c\u00edclica, o peri\u00f3dica, porque como en el caso de la influenza tenemos que vacunarnos todos los a\u00f1os y entonces es muy importante que la Argentina pueda desarrollar una vacuna propia\u00bb<\/strong>.<\/p>\n\n\n\n<p>\u00abHoy fabricamos vacunas pero de la Universidad de Oxford, lo que queremos es que la Argentina no solo pueda fabricar la vacuna, si no dise\u00f1ar la vacuna y poder fabricar en la Argentina una propia, hecha por cient\u00edficos nacionales\u00bb, explic\u00f3.<\/p>\n\n\n\n<p>Finalmente, el titular de la cartera cient\u00edfica&nbsp;<strong>destac\u00f3 como un \u00abhecho importante\u00bb la construcci\u00f3n de la nueva planta del laboratorio Richmond<\/strong>, que acord\u00f3 el Fondo Ruso de Inversi\u00f3n Directa la fabricaci\u00f3n de la vacuna Sputnik V.<\/p>\n\n\n\n<p>\u00abTendr\u00edamos, yo dir\u00eda, cada vez mayor capacidad para el dise\u00f1o y producci\u00f3n de vacunas y eso es clave para la salud de la poblaci\u00f3n, y no podemos perder de vista\u00bb, concluy\u00f3.<\/p>\n\n\n\n<p>INFO: T\u00e9lam<\/p>\n","protected":false},"excerpt":{"rendered":"<p>\u00abEstamos trabajando con el laboratorio que est\u00e1 interesado en fabricarla, y por terminar alg\u00fan ensayo precl\u00ednico que falta, por lo que en unos meses estar\u00edamos entrando en una fase 1\u00bb, explic\u00f3 el ministro de Ciencia, Tecnolog\u00eda e Innovaci\u00f3n. El ministro &hellip; <a href=\"https:\/\/morenoprimero.com.ar\/archivo\/salvarezza-la-vacuna-argentina-contra-el-coronavirus-podria-estar-en-un-ano-y-medio\/\">Sigue leyendo <span class=\"meta-nav\">&rarr;<\/span><\/a><\/p>\n","protected":false},"author":6,"featured_media":9545,"comment_status":"open","ping_status":"open","sticky":false,"template":"","format":"standard","meta":{"footnotes":""},"categories":[1871,2,536,20],"tags":[742,1902,94,17,169,1409],"class_list":["post-9544","post","type-post","status-publish","format-standard","has-post-thumbnail","hentry","category-ciencia","category-destacadas","category-salud","category-sociedad","tag-argentina","tag-corona","tag-covid-19","tag-pandemia","tag-vacunacion","tag-vacunas"],"_links":{"self":[{"href":"https:\/\/morenoprimero.com.ar\/archivo\/wp-json\/wp\/v2\/posts\/9544","targetHints":{"allow":["GET"]}}],"collection":[{"href":"https:\/\/morenoprimero.com.ar\/archivo\/wp-json\/wp\/v2\/posts"}],"about":[{"href":"https:\/\/morenoprimero.com.ar\/archivo\/wp-json\/wp\/v2\/types\/post"}],"author":[{"embeddable":true,"href":"https:\/\/morenoprimero.com.ar\/archivo\/wp-json\/wp\/v2\/users\/6"}],"replies":[{"embeddable":true,"href":"https:\/\/morenoprimero.com.ar\/archivo\/wp-json\/wp\/v2\/comments?post=9544"}],"version-history":[{"count":1,"href":"https:\/\/morenoprimero.com.ar\/archivo\/wp-json\/wp\/v2\/posts\/9544\/revisions"}],"predecessor-version":[{"id":9546,"href":"https:\/\/morenoprimero.com.ar\/archivo\/wp-json\/wp\/v2\/posts\/9544\/revisions\/9546"}],"wp:featuredmedia":[{"embeddable":true,"href":"https:\/\/morenoprimero.com.ar\/archivo\/wp-json\/wp\/v2\/media\/9545"}],"wp:attachment":[{"href":"https:\/\/morenoprimero.com.ar\/archivo\/wp-json\/wp\/v2\/media?parent=9544"}],"wp:term":[{"taxonomy":"category","embeddable":true,"href":"https:\/\/morenoprimero.com.ar\/archivo\/wp-json\/wp\/v2\/categories?post=9544"},{"taxonomy":"post_tag","embeddable":true,"href":"https:\/\/morenoprimero.com.ar\/archivo\/wp-json\/wp\/v2\/tags?post=9544"}],"curies":[{"name":"wp","href":"https:\/\/api.w.org\/{rel}","templated":true}]}}