{"id":9472,"date":"2021-03-11T12:12:19","date_gmt":"2021-03-11T12:12:19","guid":{"rendered":"https:\/\/morenoprimero.com.ar\/?p=9472"},"modified":"2021-03-11T12:12:20","modified_gmt":"2021-03-11T12:12:20","slug":"anses-calendarios-de-pago-hoy-jueves-11-de-marzo","status":"publish","type":"post","link":"https:\/\/morenoprimero.com.ar\/archivo\/anses-calendarios-de-pago-hoy-jueves-11-de-marzo\/","title":{"rendered":"ANSES: CALENDARIOS DE PAGO HOY JUEVES 11 DE MARZO"},"content":{"rendered":"\n<h4 class=\"wp-block-heading\"> ANSES informa q<strong>ue hoy se abonan jubilaciones, pensiones, Asignaci\u00f3n Universal por Hijo, Asignaciones Familiares, Progresar y programas Hogar y REPRO II.<\/strong><\/h4>\n\n\n\n<p><strong>Jubilaciones&nbsp;y&nbsp;pensiones&nbsp;del Sistema Integrado Previsional Argentino (SIPA)<\/strong><\/p>\n\n\n\n<p>Las sucursales bancarias habilitadas atender\u00e1n por ventanilla a jubilados, jubiladas, pensionados y pensionadas con documentos terminados en&nbsp;<strong>3&nbsp;<\/strong>cuyos<strong>&nbsp;haberes NO SUPEREN la suma de $23.120<\/strong>.<\/p>\n\n\n\n<p>En este sentido, si bien estas personas no tienen que solicitar turno previo para cobrar el beneficio,&nbsp;deben acercarse a la sucursal bancaria \u00fanicamente en la fecha asignada. Cabe recordar que los haberes permanecer\u00e1n depositados en sus cuentas.<\/p>\n\n\n\n<p><strong>Asignaci\u00f3n Universal por Hijo y Asignaci\u00f3n Familiar por Hijo<\/strong><\/p>\n\n\n\n<p>Con la utilizaci\u00f3n de la tarjeta de d\u00e9bito, hoy perciben la Asignaci\u00f3n Universal por Hijo y la Asignaci\u00f3n Familiar por Hijo titulares con documentos concluidos en&nbsp;<strong>3<\/strong>.<\/p>\n\n\n\n<p>Conjuntamente, se paga la Ayuda Escolar Anual a quienes cobren la AUH o Asignaci\u00f3n Familiar con esa misma terminaci\u00f3n de DNI. Se abona por menor entre 4 y 16 a\u00f1os inclusive, o por hija o hijo con discapacidad, sin l\u00edmite de edad. El beneficio lo percibe uno de los progenitores o tutor y para su cobro ser\u00e1 necesario haber presentado el certificado escolar.<\/p>\n\n\n\n<p><strong>Asignaci\u00f3n Universal por Embarazo<\/strong><\/p>\n\n\n\n<p>Con la utilizaci\u00f3n de la tarjeta de d\u00e9bito, hoy cobran la Asignaci\u00f3n Universal por Embarazo las titulares con documentos finalizados en&nbsp;<strong>1<\/strong>.<\/p>\n\n\n\n<p><strong>Progresar<\/strong><\/p>\n\n\n\n<p>Con Progresar, la ANSES y el Ministerio de Educaci\u00f3n garantizan el derecho de terminar los estudios a j\u00f3venes del pa\u00eds. Hoy cobran titulares con documentos terminados en&nbsp;<strong>2&nbsp;<\/strong>y&nbsp;<strong>3<\/strong>.<\/p>\n\n\n\n<p><strong>Programa Hogar<\/strong><\/p>\n\n\n\n<p>La ANSES y la Secretar\u00eda de Energ\u00eda impulsan en conjunto el Programa Hogar, mediante el cual se otorga un subsidio para la compra de garrafas en viviendas que no est\u00e1n conectadas a la red de gas natural. Hoy cobran este beneficio las personas con documentos concluidos en&nbsp;<strong>3<\/strong>.<\/p>\n\n\n\n<p><strong>Programa REPRO II<\/strong><\/p>\n\n\n\n<p>Hoy se realiza el pago a las y los beneficiarios del Programa de Recuperaci\u00f3n Productiva II (REPRO II) de la AFIP, para dar alivio econ\u00f3mico a las compa\u00f1\u00edas y al personal afectado por la ca\u00edda de la actividad debido al Covid-19.<\/p>\n\n\n\n<div class=\"wp-block-group\"><div class=\"wp-block-group__inner-container is-layout-flow wp-block-group-is-layout-flow\">\n<figure class=\"wp-block-gallery columns-3 is-cropped wp-block-gallery-1 is-layout-flex wp-block-gallery-is-layout-flex\"><ul class=\"blocks-gallery-grid\"><li class=\"blocks-gallery-item\"><figure><img loading=\"lazy\" decoding=\"async\" width=\"1024\" height=\"576\" src=\"https:\/\/morenoprimero.com.ar\/wp-content\/uploads\/2021\/03\/CALENDARIO-11.03.21-Progresar-1024x576.jpeg\" alt=\"\" data-id=\"9473\" data-full-url=\"https:\/\/morenoprimero.com.ar\/wp-content\/uploads\/2021\/03\/CALENDARIO-11.03.21-Progresar.jpeg\" data-link=\"https:\/\/morenoprimero.com.ar\/?attachment_id=9473\" class=\"wp-image-9473\" srcset=\"https:\/\/morenoprimero.com.ar\/archivo\/wp-content\/uploads\/2021\/03\/CALENDARIO-11.03.21-Progresar-1024x576.jpeg 1024w, https:\/\/morenoprimero.com.ar\/archivo\/wp-content\/uploads\/2021\/03\/CALENDARIO-11.03.21-Progresar-300x169.jpeg 300w, https:\/\/morenoprimero.com.ar\/archivo\/wp-content\/uploads\/2021\/03\/CALENDARIO-11.03.21-Progresar-768x432.jpeg 768w, https:\/\/morenoprimero.com.ar\/archivo\/wp-content\/uploads\/2021\/03\/CALENDARIO-11.03.21-Progresar.jpeg 1280w\" sizes=\"auto, (max-width: 1024px) 100vw, 1024px\" \/><\/figure><\/li><li class=\"blocks-gallery-item\"><figure><img loading=\"lazy\" decoding=\"async\" width=\"1024\" height=\"576\" src=\"https:\/\/morenoprimero.com.ar\/wp-content\/uploads\/2021\/03\/CALENDARIO-11.03.21-Programa-Hogar-1024x576.jpeg\" alt=\"\" data-id=\"9474\" data-full-url=\"https:\/\/morenoprimero.com.ar\/wp-content\/uploads\/2021\/03\/CALENDARIO-11.03.21-Programa-Hogar.jpeg\" data-link=\"https:\/\/morenoprimero.com.ar\/?attachment_id=9474\" class=\"wp-image-9474\" srcset=\"https:\/\/morenoprimero.com.ar\/archivo\/wp-content\/uploads\/2021\/03\/CALENDARIO-11.03.21-Programa-Hogar-1024x576.jpeg 1024w, https:\/\/morenoprimero.com.ar\/archivo\/wp-content\/uploads\/2021\/03\/CALENDARIO-11.03.21-Programa-Hogar-300x169.jpeg 300w, https:\/\/morenoprimero.com.ar\/archivo\/wp-content\/uploads\/2021\/03\/CALENDARIO-11.03.21-Programa-Hogar-768x432.jpeg 768w, https:\/\/morenoprimero.com.ar\/archivo\/wp-content\/uploads\/2021\/03\/CALENDARIO-11.03.21-Programa-Hogar.jpeg 1280w\" sizes=\"auto, (max-width: 1024px) 100vw, 1024px\" \/><\/figure><\/li><li class=\"blocks-gallery-item\"><figure><img loading=\"lazy\" decoding=\"async\" width=\"1024\" height=\"576\" src=\"https:\/\/morenoprimero.com.ar\/wp-content\/uploads\/2021\/03\/CALENDARIO-11.03.21-Jubilaciones-y-pensiones-1024x576.jpeg\" alt=\"\" data-id=\"9475\" data-full-url=\"https:\/\/morenoprimero.com.ar\/wp-content\/uploads\/2021\/03\/CALENDARIO-11.03.21-Jubilaciones-y-pensiones.jpeg\" data-link=\"https:\/\/morenoprimero.com.ar\/?attachment_id=9475\" class=\"wp-image-9475\" srcset=\"https:\/\/morenoprimero.com.ar\/archivo\/wp-content\/uploads\/2021\/03\/CALENDARIO-11.03.21-Jubilaciones-y-pensiones-1024x576.jpeg 1024w, https:\/\/morenoprimero.com.ar\/archivo\/wp-content\/uploads\/2021\/03\/CALENDARIO-11.03.21-Jubilaciones-y-pensiones-300x169.jpeg 300w, https:\/\/morenoprimero.com.ar\/archivo\/wp-content\/uploads\/2021\/03\/CALENDARIO-11.03.21-Jubilaciones-y-pensiones-768x432.jpeg 768w, https:\/\/morenoprimero.com.ar\/archivo\/wp-content\/uploads\/2021\/03\/CALENDARIO-11.03.21-Jubilaciones-y-pensiones.jpeg 1280w\" sizes=\"auto, (max-width: 1024px) 100vw, 1024px\" \/><\/figure><\/li><li class=\"blocks-gallery-item\"><figure><img loading=\"lazy\" decoding=\"async\" width=\"1024\" height=\"576\" src=\"https:\/\/morenoprimero.com.ar\/wp-content\/uploads\/2021\/03\/CALENDARIO-11.03.21-AUH-y-AAFF-1024x576.jpeg\" alt=\"\" data-id=\"9476\" data-full-url=\"https:\/\/morenoprimero.com.ar\/wp-content\/uploads\/2021\/03\/CALENDARIO-11.03.21-AUH-y-AAFF.jpeg\" data-link=\"https:\/\/morenoprimero.com.ar\/?attachment_id=9476\" class=\"wp-image-9476\" srcset=\"https:\/\/morenoprimero.com.ar\/archivo\/wp-content\/uploads\/2021\/03\/CALENDARIO-11.03.21-AUH-y-AAFF-1024x576.jpeg 1024w, https:\/\/morenoprimero.com.ar\/archivo\/wp-content\/uploads\/2021\/03\/CALENDARIO-11.03.21-AUH-y-AAFF-300x169.jpeg 300w, https:\/\/morenoprimero.com.ar\/archivo\/wp-content\/uploads\/2021\/03\/CALENDARIO-11.03.21-AUH-y-AAFF-768x432.jpeg 768w, https:\/\/morenoprimero.com.ar\/archivo\/wp-content\/uploads\/2021\/03\/CALENDARIO-11.03.21-AUH-y-AAFF.jpeg 1280w\" sizes=\"auto, (max-width: 1024px) 100vw, 1024px\" \/><\/figure><\/li><li class=\"blocks-gallery-item\"><figure><img loading=\"lazy\" decoding=\"async\" width=\"1024\" height=\"576\" src=\"https:\/\/morenoprimero.com.ar\/wp-content\/uploads\/2021\/03\/CALENDARIO-11.03.21-AUE-1024x576.jpeg\" alt=\"\" data-id=\"9477\" data-full-url=\"https:\/\/morenoprimero.com.ar\/wp-content\/uploads\/2021\/03\/CALENDARIO-11.03.21-AUE.jpeg\" data-link=\"https:\/\/morenoprimero.com.ar\/?attachment_id=9477\" class=\"wp-image-9477\" srcset=\"https:\/\/morenoprimero.com.ar\/archivo\/wp-content\/uploads\/2021\/03\/CALENDARIO-11.03.21-AUE-1024x576.jpeg 1024w, https:\/\/morenoprimero.com.ar\/archivo\/wp-content\/uploads\/2021\/03\/CALENDARIO-11.03.21-AUE-300x169.jpeg 300w, https:\/\/morenoprimero.com.ar\/archivo\/wp-content\/uploads\/2021\/03\/CALENDARIO-11.03.21-AUE-768x432.jpeg 768w, https:\/\/morenoprimero.com.ar\/archivo\/wp-content\/uploads\/2021\/03\/CALENDARIO-11.03.21-AUE.jpeg 1280w\" sizes=\"auto, (max-width: 1024px) 100vw, 1024px\" \/><\/figure><\/li><\/ul><\/figure>\n<\/div><\/div>\n","protected":false},"excerpt":{"rendered":"<p>ANSES informa que hoy se abonan jubilaciones, pensiones, Asignaci\u00f3n Universal por Hijo, Asignaciones Familiares, Progresar y programas Hogar y REPRO II. Jubilaciones&nbsp;y&nbsp;pensiones&nbsp;del Sistema Integrado Previsional Argentino (SIPA) Las sucursales bancarias habilitadas atender\u00e1n por ventanilla a jubilados, jubiladas, pensionados y pensionadas &hellip; <a href=\"https:\/\/morenoprimero.com.ar\/archivo\/anses-calendarios-de-pago-hoy-jueves-11-de-marzo\/\">Sigue leyendo <span class=\"meta-nav\">&rarr;<\/span><\/a><\/p>\n","protected":false},"author":6,"featured_media":3165,"comment_status":"open","ping_status":"open","sticky":false,"template":"","format":"standard","meta":{"footnotes":""},"categories":[21,20],"tags":[36,81],"class_list":["post-9472","post","type-post","status-publish","format-standard","has-post-thumbnail","hentry","category-interes-general","category-sociedad","tag-anses","tag-tramites-anses"],"_links":{"self":[{"href":"https:\/\/morenoprimero.com.ar\/archivo\/wp-json\/wp\/v2\/posts\/9472","targetHints":{"allow":["GET"]}}],"collection":[{"href":"https:\/\/morenoprimero.com.ar\/archivo\/wp-json\/wp\/v2\/posts"}],"about":[{"href":"https:\/\/morenoprimero.com.ar\/archivo\/wp-json\/wp\/v2\/types\/post"}],"author":[{"embeddable":true,"href":"https:\/\/morenoprimero.com.ar\/archivo\/wp-json\/wp\/v2\/users\/6"}],"replies":[{"embeddable":true,"href":"https:\/\/morenoprimero.com.ar\/archivo\/wp-json\/wp\/v2\/comments?post=9472"}],"version-history":[{"count":1,"href":"https:\/\/morenoprimero.com.ar\/archivo\/wp-json\/wp\/v2\/posts\/9472\/revisions"}],"predecessor-version":[{"id":9479,"href":"https:\/\/morenoprimero.com.ar\/archivo\/wp-json\/wp\/v2\/posts\/9472\/revisions\/9479"}],"wp:featuredmedia":[{"embeddable":true,"href":"https:\/\/morenoprimero.com.ar\/archivo\/wp-json\/wp\/v2\/media\/3165"}],"wp:attachment":[{"href":"https:\/\/morenoprimero.com.ar\/archivo\/wp-json\/wp\/v2\/media?parent=9472"}],"wp:term":[{"taxonomy":"category","embeddable":true,"href":"https:\/\/morenoprimero.com.ar\/archivo\/wp-json\/wp\/v2\/categories?post=9472"},{"taxonomy":"post_tag","embeddable":true,"href":"https:\/\/morenoprimero.com.ar\/archivo\/wp-json\/wp\/v2\/tags?post=9472"}],"curies":[{"name":"wp","href":"https:\/\/api.w.org\/{rel}","templated":true}]}}