{"id":9455,"date":"2021-03-10T16:50:33","date_gmt":"2021-03-10T16:50:33","guid":{"rendered":"https:\/\/morenoprimero.com.ar\/?p=9455"},"modified":"2021-03-10T16:50:34","modified_gmt":"2021-03-10T16:50:34","slug":"en-el-marco-del-mes-de-la-mujer-una-jornada-entre-companeras","status":"publish","type":"post","link":"https:\/\/morenoprimero.com.ar\/archivo\/en-el-marco-del-mes-de-la-mujer-una-jornada-entre-companeras\/","title":{"rendered":"EN EL MARCO DEL MES DE LA MUJER, \u00abUNA JORNADA ENTRE COMPA\u00d1ERAS\u00bb"},"content":{"rendered":"\n<h4 class=\"wp-block-heading\">  Se realizaron talleres, reconocimiento a promotoras de g\u00e9nero Micaela Garc\u00eda, y entrega de m\u00e1s de 1.000 copas menstruales.<\/h4>\n\n\n\n<p>En el marco del Mes de la Mujer se realiz\u00f3, en el d\u00eda de ayer martes 9 de marzo, una&nbsp;<strong>jornada de talleres y reconocimiento a las primeras 160 Promotoras de g\u00e9nero Micaela Garc\u00eda del Programa Moreno sin Violencias.<\/strong>&nbsp;<\/p>\n\n\n\n<p>&nbsp;&nbsp;<strong>En articulaci\u00f3n con la Fundaci\u00f3n Banco Provincia,<\/strong>&nbsp;la intendenta&nbsp;municipal y&nbsp;la&nbsp;directora&nbsp;del Banco Provincia, Juliana Di Tullio,<strong>&nbsp;hicieron entrega de m\u00e1s de 1.000 copas menstruales a&nbsp;<\/strong><strong>referentas<\/strong><strong>&nbsp;de organizaciones para despu\u00e9s poder distribuir en los distintos barrios de Moreno.<\/strong>&nbsp;<\/p>\n\n\n\n<p>&nbsp; Desde sus redes sociales, la intendenta municipal Mariel Fern\u00e1ndez, pidi\u00f3 \u201cQue estas fechas sigan siendo un momento de encuentro para trabajar juntas por los derechos que nos quedan conquistar.\u201d&nbsp;<\/p>\n\n\n\n<figure class=\"wp-block-embed-twitter wp-block-embed is-type-rich is-provider-twitter\"><div class=\"wp-block-embed__wrapper\">\nhttps:\/\/twitter.com\/marielfmoreno1\/status\/1369628568930684930\n<\/div><\/figure>\n\n\n\n<p>&nbsp; &nbsp;La Concejala Josefina Diaz&nbsp;Ciarlo, por su parte, expuso que \u201cPoner en discusi\u00f3n la desigualdad econ\u00f3mica que tenemos las personas menstruantes frente al acceso a los productos de gesti\u00f3n menstrual es un paso inmenso para interpelar y luchar contra la desigualdad.\u201d&nbsp;<\/p>\n\n\n\n<p>&nbsp; &nbsp; Del encuentro tambi\u00e9n participaron la Secretaria de Mujeres, G\u00e9neros y Diversidades, Lis Diaz; la Subsecretaria de Pol\u00edticas de G\u00e9nero y Diversidad Sexual de la Provincia, Luc\u00eda Portos; la&nbsp;Presidenta&nbsp;del HCD Araceli Bellota; la Diputada Provincial, D\u00e9bora Gal\u00e1n, y Sandra Cruz, de la defensor\u00eda del pueblo.&nbsp;<\/p>\n","protected":false},"excerpt":{"rendered":"<p>Se realizaron talleres, reconocimiento a promotoras de g\u00e9nero Micaela Garc\u00eda, y entrega de m\u00e1s de 1.000 copas menstruales. En el marco del Mes de la Mujer se realiz\u00f3, en el d\u00eda de ayer martes 9 de marzo, una&nbsp;jornada de talleres &hellip; <a href=\"https:\/\/morenoprimero.com.ar\/archivo\/en-el-marco-del-mes-de-la-mujer-una-jornada-entre-companeras\/\">Sigue leyendo <span class=\"meta-nav\">&rarr;<\/span><\/a><\/p>\n","protected":false},"author":6,"featured_media":9456,"comment_status":"open","ping_status":"open","sticky":false,"template":"","format":"standard","meta":{"footnotes":""},"categories":[27,20],"tags":[1885,772,6],"class_list":["post-9455","post","type-post","status-publish","format-standard","has-post-thumbnail","hentry","category-politica","category-sociedad","tag-8m","tag-feminismo","tag-moreno"],"_links":{"self":[{"href":"https:\/\/morenoprimero.com.ar\/archivo\/wp-json\/wp\/v2\/posts\/9455","targetHints":{"allow":["GET"]}}],"collection":[{"href":"https:\/\/morenoprimero.com.ar\/archivo\/wp-json\/wp\/v2\/posts"}],"about":[{"href":"https:\/\/morenoprimero.com.ar\/archivo\/wp-json\/wp\/v2\/types\/post"}],"author":[{"embeddable":true,"href":"https:\/\/morenoprimero.com.ar\/archivo\/wp-json\/wp\/v2\/users\/6"}],"replies":[{"embeddable":true,"href":"https:\/\/morenoprimero.com.ar\/archivo\/wp-json\/wp\/v2\/comments?post=9455"}],"version-history":[{"count":2,"href":"https:\/\/morenoprimero.com.ar\/archivo\/wp-json\/wp\/v2\/posts\/9455\/revisions"}],"predecessor-version":[{"id":9459,"href":"https:\/\/morenoprimero.com.ar\/archivo\/wp-json\/wp\/v2\/posts\/9455\/revisions\/9459"}],"wp:featuredmedia":[{"embeddable":true,"href":"https:\/\/morenoprimero.com.ar\/archivo\/wp-json\/wp\/v2\/media\/9456"}],"wp:attachment":[{"href":"https:\/\/morenoprimero.com.ar\/archivo\/wp-json\/wp\/v2\/media?parent=9455"}],"wp:term":[{"taxonomy":"category","embeddable":true,"href":"https:\/\/morenoprimero.com.ar\/archivo\/wp-json\/wp\/v2\/categories?post=9455"},{"taxonomy":"post_tag","embeddable":true,"href":"https:\/\/morenoprimero.com.ar\/archivo\/wp-json\/wp\/v2\/tags?post=9455"}],"curies":[{"name":"wp","href":"https:\/\/api.w.org\/{rel}","templated":true}]}}