{"id":9436,"date":"2021-03-09T17:41:18","date_gmt":"2021-03-09T17:41:18","guid":{"rendered":"https:\/\/morenoprimero.com.ar\/?p=9436"},"modified":"2021-03-09T17:41:19","modified_gmt":"2021-03-09T17:41:19","slug":"horror-en-moreno-denuncian-que-un-pastor-abuso-de-al-menos-30-ninos-y-ninas","status":"publish","type":"post","link":"https:\/\/morenoprimero.com.ar\/archivo\/horror-en-moreno-denuncian-que-un-pastor-abuso-de-al-menos-30-ninos-y-ninas\/","title":{"rendered":"HORROR EN MORENO: DENUNCIAN QUE UN PASTOR ABUS\u00d3 DE AL MENOS 30 NI\u00d1OS Y NI\u00d1AS"},"content":{"rendered":"\n<h4 class=\"wp-block-heading\">   Los ni\u00f1os y las ni\u00f1as hablaron, la denuncia se hizo, pero el pastor est\u00e1 libre. En la marcha se acercaron a pedir explicaciones a la casa, pero no estaba.<\/h4>\n\n\n\n<p> Las c\u00e1maras de un medio de comunicaci\u00f3n nacional llegaron el 4 de marzo a Moreno. <strong>Varias familias denunciaban en la marcha que un pastor evang\u00e9lico hab\u00eda abusado de al menos 30 ni\u00f1os y ni\u00f1as. La amargura lleg\u00f3 al barrio cuando varios ni\u00f1os y ni\u00f1as se animaron a hablar.&nbsp;<\/strong><\/p>\n\n\n\n<p>&nbsp; La marcha comenz\u00f3 en el centro religioso y de all\u00ed se dirigieron hacia la casa del presunto abusador de menores. <strong>Quemaron neum\u00e1ticos, tiraron piedras, llevaron carteles, y piden justicia.&nbsp;<\/strong> Seg\u00fan la declaraci\u00f3n de los vecinos y vecinas,<strong> el hombre se llama Ignacio Gim\u00e9nez y era Coordinador de la iglesia Evang\u00e9lica<\/strong>.&nbsp;<\/p>\n\n\n\n<p>&nbsp; En el medio de la marcha sali\u00f3 de la casa el hermano del presunto abusador y, a los gritos, dijo <strong>\u201cyo tambi\u00e9n lo estoy buscando, si yo lo encuentro yo mismo lo mato.<\/strong>\u201d&nbsp;<\/p>\n\n\n\n<p>&nbsp; &nbsp;Una vecina aclara, \u201choy est\u00e1n todos a favor, pero cuando esto sali\u00f3 a la luz era toda una guerra.<strong> Lo que pasa es que ahora habl\u00f3 su propia sobrina, y reci\u00e9n ahora le creen.<\/strong>\u201d&nbsp;&nbsp;<\/p>\n\n\n\n<p>&nbsp; Otro relato fuerte fue el de la abuela materna del primer ni\u00f1o que cont\u00f3 lo que le sucedi\u00f3.<strong> Era la ex suegra del pastor evang\u00e9lico.<\/strong> \u201cMi nieto me manda un mensaje de WhatsApp&nbsp;cont\u00e1ndome&nbsp;la situaci\u00f3n, y la verdad que me qued\u00e9 helada.<strong> Yo hoy le creo a mi nieto. Si lo veo, lo mato. Con los ni\u00f1os no se juega, los ni\u00f1os no se tocan.<\/strong>\u201d&nbsp;<\/p>\n\n\n\n<blockquote class=\"wp-block-quote is-layout-flow wp-block-quote-is-layout-flow\"><p>\u00ab\u00bfqu\u00e9 justicia tenemos si la misma justicia los encubre, no te hace caso, te esquiva y anula las denuncias? Hicimos la denuncia y nos dicen que tenemos que esperar y no pasa nada, y el anda como pancho por su casa. Nosotros con temor.\u00bb<\/p><cite>Abuela de un ni\u00f1o abusado, ex suegra del pastor.<\/cite><\/blockquote>\n\n\n\n<p>&nbsp; La abuela, exaltada, cuenta: \u201c<strong>mi hijo ten\u00eda 8 a\u00f1os cuando fue abusado, y no lo quer\u00eda contar porque lo amenaz\u00f3.<\/strong> Le dijo que no hablara porque su mam\u00e1 iba a sufrir. <strong>Hoy tiene 15 a\u00f1os mi nieto y pudo sacarse eso que ten\u00eda adentro y me dijo, abuelita, si no me hablo me suicido.<\/strong>\u00bb Con la voz quebrada pide \u00ab<strong>que todo esto termine, que mi nieto est\u00e9 bien, y que ning\u00fan ni\u00f1o m\u00e1s sea abusado ni manoseado<\/strong>\u00ab.<\/p>\n\n\n\n<p> Por \u00faltimo, apunto contra la justicia, \u00ab\u00bfqu\u00e9 justicia tenemos si la misma justicia los encubre, no te hace caso, te esquiva y anula las denuncias? Hicimos la denuncia y nos dicen que tenemos que esperar y no pasa nada, y el anda como pancho por su casa. Nosotros con temor.\u00bb<\/p>\n\n\n\n<p>  &nbsp;<\/p>\n\n\n\n<p>  <\/p>\n\n\n\n<p>&nbsp; &nbsp;<\/p>\n","protected":false},"excerpt":{"rendered":"<p>Los ni\u00f1os y las ni\u00f1as hablaron, la denuncia se hizo, pero el pastor est\u00e1 libre. En la marcha se acercaron a pedir explicaciones a la casa, pero no estaba. Las c\u00e1maras de un medio de comunicaci\u00f3n nacional llegaron el 4 &hellip; <a href=\"https:\/\/morenoprimero.com.ar\/archivo\/horror-en-moreno-denuncian-que-un-pastor-abuso-de-al-menos-30-ninos-y-ninas\/\">Sigue leyendo <span class=\"meta-nav\">&rarr;<\/span><\/a><\/p>\n","protected":false},"author":6,"featured_media":9440,"comment_status":"open","ping_status":"open","sticky":false,"template":"","format":"standard","meta":{"footnotes":""},"categories":[1],"tags":[],"class_list":["post-9436","post","type-post","status-publish","format-standard","has-post-thumbnail","hentry","category-sin-categoria"],"_links":{"self":[{"href":"https:\/\/morenoprimero.com.ar\/archivo\/wp-json\/wp\/v2\/posts\/9436","targetHints":{"allow":["GET"]}}],"collection":[{"href":"https:\/\/morenoprimero.com.ar\/archivo\/wp-json\/wp\/v2\/posts"}],"about":[{"href":"https:\/\/morenoprimero.com.ar\/archivo\/wp-json\/wp\/v2\/types\/post"}],"author":[{"embeddable":true,"href":"https:\/\/morenoprimero.com.ar\/archivo\/wp-json\/wp\/v2\/users\/6"}],"replies":[{"embeddable":true,"href":"https:\/\/morenoprimero.com.ar\/archivo\/wp-json\/wp\/v2\/comments?post=9436"}],"version-history":[{"count":2,"href":"https:\/\/morenoprimero.com.ar\/archivo\/wp-json\/wp\/v2\/posts\/9436\/revisions"}],"predecessor-version":[{"id":9444,"href":"https:\/\/morenoprimero.com.ar\/archivo\/wp-json\/wp\/v2\/posts\/9436\/revisions\/9444"}],"wp:featuredmedia":[{"embeddable":true,"href":"https:\/\/morenoprimero.com.ar\/archivo\/wp-json\/wp\/v2\/media\/9440"}],"wp:attachment":[{"href":"https:\/\/morenoprimero.com.ar\/archivo\/wp-json\/wp\/v2\/media?parent=9436"}],"wp:term":[{"taxonomy":"category","embeddable":true,"href":"https:\/\/morenoprimero.com.ar\/archivo\/wp-json\/wp\/v2\/categories?post=9436"},{"taxonomy":"post_tag","embeddable":true,"href":"https:\/\/morenoprimero.com.ar\/archivo\/wp-json\/wp\/v2\/tags?post=9436"}],"curies":[{"name":"wp","href":"https:\/\/api.w.org\/{rel}","templated":true}]}}