{"id":9149,"date":"2021-03-02T11:15:11","date_gmt":"2021-03-02T11:15:11","guid":{"rendered":"https:\/\/morenoprimero.com.ar\/?p=9149"},"modified":"2021-03-02T11:15:11","modified_gmt":"2021-03-02T11:15:11","slug":"alvarez-5-detenidos-autos-y-drogas-secuestrados","status":"publish","type":"post","link":"https:\/\/morenoprimero.com.ar\/archivo\/alvarez-5-detenidos-autos-y-drogas-secuestrados\/","title":{"rendered":"\u00c1LVAREZ: 5 DETENIDOS, AUTOS Y DROGAS SECUESTRADOS"},"content":{"rendered":"\n<h4 class=\"wp-block-heading\">&nbsp; El pasado fin de semana en \u00c1lvarez hubo cinco detenidos a ra\u00edz de dos hechos diferentes. Una&nbsp;entradera&nbsp;a una casa y otra a una ex f\u00e1brica. En ambos casos se detuvo a los delincuentes que quedaron a disposici\u00f3n de la justicia.&nbsp;<\/h4>\n\n\n\n<p>&nbsp; El d\u00eda domingo,<strong> un hombre irrumpi\u00f3 en una casa <\/strong>ubicada en las calles Vid y Quito,<strong> saltando el port\u00f3n y maniatando al due\u00f1o de la misma en el patio.&nbsp;&nbsp;&nbsp;<\/strong><\/p>\n\n\n\n<p>&nbsp;<strong> Cuando acude la polic\u00eda al lugar encuentra una c\u00e9dula verde de un autom\u00f3vil&nbsp;Renualt&nbsp;Duster.&nbsp;<\/strong><\/p>\n\n\n\n<p>&nbsp;En el momento otros<strong> vecinos denuncian la presencia de un autom\u00f3vil de similares caracter\u00edsticas en la zona.&nbsp;&nbsp;<\/strong><\/p>\n\n\n\n<p>&nbsp; La polic\u00eda se aproxima al mismo sobre la calle Lima, y<strong> detiene a dos delincuentes en su interior, que adem\u00e1s portaban 15 envoltorios de coca\u00edna.&nbsp;<\/strong>&nbsp;<\/p>\n\n\n\n<p>&nbsp; En la causa Intervino en el caso la UFI&nbsp;N\u00b0&nbsp;12.&nbsp;<\/p>\n\n\n\n<p>&nbsp; <strong>El mismo fin de semana, tres delincuentes ingresaron en la ex f\u00e1brica&nbsp;Chenton, rompieron las rejas, y sustrajeron materiales del interior del lugar.&nbsp;<\/strong><\/p>\n\n\n\n<p>&nbsp; Momentos despu\u00e9s, en las calles EEUU y La Rioja, <strong>la polic\u00eda detuvo a bordo de un auto denunciado por el hecho a los tres delincuentes a bordo del mismo.&nbsp;<\/strong><\/p>\n\n\n\n<p>&nbsp; En la causa intervino la UFI&nbsp;N\u00b0&nbsp;6.&nbsp;<\/p>\n","protected":false},"excerpt":{"rendered":"<p>&nbsp; El pasado fin de semana en \u00c1lvarez hubo cinco detenidos a ra\u00edz de dos hechos diferentes. Una&nbsp;entradera&nbsp;a una casa y otra a una ex f\u00e1brica. En ambos casos se detuvo a los delincuentes que quedaron a disposici\u00f3n de la &hellip; <a href=\"https:\/\/morenoprimero.com.ar\/archivo\/alvarez-5-detenidos-autos-y-drogas-secuestrados\/\">Sigue leyendo <span class=\"meta-nav\">&rarr;<\/span><\/a><\/p>\n","protected":false},"author":6,"featured_media":1768,"comment_status":"open","ping_status":"open","sticky":false,"template":"","format":"standard","meta":{"footnotes":""},"categories":[1],"tags":[112,1666,136,141,39],"class_list":["post-9149","post","type-post","status-publish","format-standard","has-post-thumbnail","hentry","category-sin-categoria","tag-detenidos","tag-drogas","tag-entradera","tag-francisco-alvarez","tag-robo"],"_links":{"self":[{"href":"https:\/\/morenoprimero.com.ar\/archivo\/wp-json\/wp\/v2\/posts\/9149","targetHints":{"allow":["GET"]}}],"collection":[{"href":"https:\/\/morenoprimero.com.ar\/archivo\/wp-json\/wp\/v2\/posts"}],"about":[{"href":"https:\/\/morenoprimero.com.ar\/archivo\/wp-json\/wp\/v2\/types\/post"}],"author":[{"embeddable":true,"href":"https:\/\/morenoprimero.com.ar\/archivo\/wp-json\/wp\/v2\/users\/6"}],"replies":[{"embeddable":true,"href":"https:\/\/morenoprimero.com.ar\/archivo\/wp-json\/wp\/v2\/comments?post=9149"}],"version-history":[{"count":2,"href":"https:\/\/morenoprimero.com.ar\/archivo\/wp-json\/wp\/v2\/posts\/9149\/revisions"}],"predecessor-version":[{"id":9162,"href":"https:\/\/morenoprimero.com.ar\/archivo\/wp-json\/wp\/v2\/posts\/9149\/revisions\/9162"}],"wp:featuredmedia":[{"embeddable":true,"href":"https:\/\/morenoprimero.com.ar\/archivo\/wp-json\/wp\/v2\/media\/1768"}],"wp:attachment":[{"href":"https:\/\/morenoprimero.com.ar\/archivo\/wp-json\/wp\/v2\/media?parent=9149"}],"wp:term":[{"taxonomy":"category","embeddable":true,"href":"https:\/\/morenoprimero.com.ar\/archivo\/wp-json\/wp\/v2\/categories?post=9149"},{"taxonomy":"post_tag","embeddable":true,"href":"https:\/\/morenoprimero.com.ar\/archivo\/wp-json\/wp\/v2\/tags?post=9149"}],"curies":[{"name":"wp","href":"https:\/\/api.w.org\/{rel}","templated":true}]}}