{"id":8914,"date":"2021-02-23T12:23:41","date_gmt":"2021-02-23T12:23:41","guid":{"rendered":"https:\/\/morenoprimero.com.ar\/?p=8914"},"modified":"2021-02-23T12:23:42","modified_gmt":"2021-02-23T12:23:42","slug":"covid-19-hay-41-nuevos-casos-confirmados-en-moreno","status":"publish","type":"post","link":"https:\/\/morenoprimero.com.ar\/archivo\/covid-19-hay-41-nuevos-casos-confirmados-en-moreno\/","title":{"rendered":"COVID-19: HAY 41 NUEVOS CASOS CONFIRMADOS EN MORENO"},"content":{"rendered":"\n<h4 class=\"wp-block-heading\">As\u00ed lo informa el reporte diario sobre coronavirus que env\u00eda el municipio, sumando 24 nuevos pacientes recuperados y 1 defunci\u00f3n, correspondientes al 22 de febrero.<\/h4>\n\n\n\n<p>Seg\u00fan el informe diario que env\u00eda el municipio, al <strong>22 de febrero<\/strong>, hay una persona fallecida, <strong>41<\/strong> nuevos casos confirmados de covid-19 y <strong>24<\/strong> recuperados.<\/p>\n\n\n\n<p>Asimismo, en total ya son <strong>25.499<\/strong> casos confirmados, <strong>22.644<\/strong> recuperados y <strong>702<\/strong> fallecidos por coronavirus. Adem\u00e1s, hasta el Lunes 22 se han vacunado <strong>4.272<\/strong> personas con la primera dosis y <strong>1.977<\/strong> se dieron la segunda dosis. <\/p>\n\n\n\n<p>Info: Municipio de Moreno prensa. <\/p>\n\n\n\n<p><\/p>\n","protected":false},"excerpt":{"rendered":"<p>As\u00ed lo informa el reporte diario sobre coronavirus que env\u00eda el municipio, sumando 24 nuevos pacientes recuperados y 1 defunci\u00f3n, correspondientes al 22 de febrero. Seg\u00fan el informe diario que env\u00eda el municipio, al 22 de febrero, hay una persona &hellip; <a href=\"https:\/\/morenoprimero.com.ar\/archivo\/covid-19-hay-41-nuevos-casos-confirmados-en-moreno\/\">Sigue leyendo <span class=\"meta-nav\">&rarr;<\/span><\/a><\/p>\n","protected":false},"author":6,"featured_media":8915,"comment_status":"open","ping_status":"open","sticky":false,"template":"","format":"standard","meta":{"footnotes":""},"categories":[536,20],"tags":[26,1054,102],"class_list":["post-8914","post","type-post","status-publish","format-standard","has-post-thumbnail","hentry","category-salud","category-sociedad","tag-coronavirus","tag-informe-diario","tag-municipio-de-moreno"],"_links":{"self":[{"href":"https:\/\/morenoprimero.com.ar\/archivo\/wp-json\/wp\/v2\/posts\/8914","targetHints":{"allow":["GET"]}}],"collection":[{"href":"https:\/\/morenoprimero.com.ar\/archivo\/wp-json\/wp\/v2\/posts"}],"about":[{"href":"https:\/\/morenoprimero.com.ar\/archivo\/wp-json\/wp\/v2\/types\/post"}],"author":[{"embeddable":true,"href":"https:\/\/morenoprimero.com.ar\/archivo\/wp-json\/wp\/v2\/users\/6"}],"replies":[{"embeddable":true,"href":"https:\/\/morenoprimero.com.ar\/archivo\/wp-json\/wp\/v2\/comments?post=8914"}],"version-history":[{"count":1,"href":"https:\/\/morenoprimero.com.ar\/archivo\/wp-json\/wp\/v2\/posts\/8914\/revisions"}],"predecessor-version":[{"id":8916,"href":"https:\/\/morenoprimero.com.ar\/archivo\/wp-json\/wp\/v2\/posts\/8914\/revisions\/8916"}],"wp:featuredmedia":[{"embeddable":true,"href":"https:\/\/morenoprimero.com.ar\/archivo\/wp-json\/wp\/v2\/media\/8915"}],"wp:attachment":[{"href":"https:\/\/morenoprimero.com.ar\/archivo\/wp-json\/wp\/v2\/media?parent=8914"}],"wp:term":[{"taxonomy":"category","embeddable":true,"href":"https:\/\/morenoprimero.com.ar\/archivo\/wp-json\/wp\/v2\/categories?post=8914"},{"taxonomy":"post_tag","embeddable":true,"href":"https:\/\/morenoprimero.com.ar\/archivo\/wp-json\/wp\/v2\/tags?post=8914"}],"curies":[{"name":"wp","href":"https:\/\/api.w.org\/{rel}","templated":true}]}}