{"id":8889,"date":"2021-02-22T17:22:56","date_gmt":"2021-02-22T17:22:56","guid":{"rendered":"https:\/\/morenoprimero.com.ar\/?p=8889"},"modified":"2021-02-22T17:22:56","modified_gmt":"2021-02-22T17:22:56","slug":"detuvieron-a-un-atracador-de-camiones-en-francisco-alvarez","status":"publish","type":"post","link":"https:\/\/morenoprimero.com.ar\/archivo\/detuvieron-a-un-atracador-de-camiones-en-francisco-alvarez\/","title":{"rendered":"DETUVIERON A UN ATRACADOR DE CAMIONES EN FRANCISCO \u00c1LVAREZ"},"content":{"rendered":"\n<h4 class=\"wp-block-heading\">Con una moto Rowser negra, y con un arma de fuego le sustrajeron dinero en efectivo y un tel\u00e9fono celular al chofer del cami\u00f3n.<\/h4>\n\n\n\n<p>Este fin de semana, en un hecho delictivo en la localidad de Francisco \u00c1lvarez, un chofer de un veh\u00edculo transportador de carne denuncia que en las calles Tulussi y Semana de Mayo, tres masculino lo hab\u00eda asaltado.<\/p>\n\n\n\n<p>En el testimonio, detalla el hecho consignando que los delincuentes iban a bordo de un motoveh\u00edculo Rowser negro, y que con un arma de fuego le sustrajeron dinero en efectivo y un tel\u00e9fono celular.<\/p>\n\n\n\n<figure class=\"wp-block-image size-large\"><img loading=\"lazy\" decoding=\"async\" width=\"768\" height=\"1024\" src=\"https:\/\/morenoprimero.com.ar\/wp-content\/uploads\/2021\/02\/WhatsApp-Image-2021-02-22-at-10.03.01-AM-768x1024.jpeg\" alt=\"\" class=\"wp-image-8891\" srcset=\"https:\/\/morenoprimero.com.ar\/archivo\/wp-content\/uploads\/2021\/02\/WhatsApp-Image-2021-02-22-at-10.03.01-AM-768x1024.jpeg 768w, https:\/\/morenoprimero.com.ar\/archivo\/wp-content\/uploads\/2021\/02\/WhatsApp-Image-2021-02-22-at-10.03.01-AM-225x300.jpeg 225w, https:\/\/morenoprimero.com.ar\/archivo\/wp-content\/uploads\/2021\/02\/WhatsApp-Image-2021-02-22-at-10.03.01-AM.jpeg 960w\" sizes=\"auto, (max-width: 768px) 100vw, 768px\" \/><\/figure>\n\n\n\n<p>La polic\u00eda rode\u00f3 el lugar y detuvo al delincuente que llevaba lo robado, secuestrando as\u00ed la moto que ten\u00eda pedido de secuestro activo por hurto.<\/p>\n\n\n\n<p>Intervino en el hecho la UFI N\u00b03.<\/p>\n","protected":false},"excerpt":{"rendered":"<p>Con una moto Rowser negra, y con un arma de fuego le sustrajeron dinero en efectivo y un tel\u00e9fono celular al chofer del cami\u00f3n. Este fin de semana, en un hecho delictivo en la localidad de Francisco \u00c1lvarez, un chofer &hellip; <a href=\"https:\/\/morenoprimero.com.ar\/archivo\/detuvieron-a-un-atracador-de-camiones-en-francisco-alvarez\/\">Sigue leyendo <span class=\"meta-nav\">&rarr;<\/span><\/a><\/p>\n","protected":false},"author":6,"featured_media":8890,"comment_status":"open","ping_status":"open","sticky":false,"template":"","format":"standard","meta":{"footnotes":""},"categories":[8],"tags":[1783,1784,477],"class_list":["post-8889","post","type-post","status-publish","format-standard","has-post-thumbnail","hentry","category-policiales","tag-atraco","tag-camion","tag-francisco-alvarez-2"],"_links":{"self":[{"href":"https:\/\/morenoprimero.com.ar\/archivo\/wp-json\/wp\/v2\/posts\/8889","targetHints":{"allow":["GET"]}}],"collection":[{"href":"https:\/\/morenoprimero.com.ar\/archivo\/wp-json\/wp\/v2\/posts"}],"about":[{"href":"https:\/\/morenoprimero.com.ar\/archivo\/wp-json\/wp\/v2\/types\/post"}],"author":[{"embeddable":true,"href":"https:\/\/morenoprimero.com.ar\/archivo\/wp-json\/wp\/v2\/users\/6"}],"replies":[{"embeddable":true,"href":"https:\/\/morenoprimero.com.ar\/archivo\/wp-json\/wp\/v2\/comments?post=8889"}],"version-history":[{"count":1,"href":"https:\/\/morenoprimero.com.ar\/archivo\/wp-json\/wp\/v2\/posts\/8889\/revisions"}],"predecessor-version":[{"id":8892,"href":"https:\/\/morenoprimero.com.ar\/archivo\/wp-json\/wp\/v2\/posts\/8889\/revisions\/8892"}],"wp:featuredmedia":[{"embeddable":true,"href":"https:\/\/morenoprimero.com.ar\/archivo\/wp-json\/wp\/v2\/media\/8890"}],"wp:attachment":[{"href":"https:\/\/morenoprimero.com.ar\/archivo\/wp-json\/wp\/v2\/media?parent=8889"}],"wp:term":[{"taxonomy":"category","embeddable":true,"href":"https:\/\/morenoprimero.com.ar\/archivo\/wp-json\/wp\/v2\/categories?post=8889"},{"taxonomy":"post_tag","embeddable":true,"href":"https:\/\/morenoprimero.com.ar\/archivo\/wp-json\/wp\/v2\/tags?post=8889"}],"curies":[{"name":"wp","href":"https:\/\/api.w.org\/{rel}","templated":true}]}}