{"id":8860,"date":"2021-02-19T17:58:07","date_gmt":"2021-02-19T17:58:07","guid":{"rendered":"https:\/\/morenoprimero.com.ar\/?p=8860"},"modified":"2021-02-19T17:58:08","modified_gmt":"2021-02-19T17:58:08","slug":"calendario-de-eventos-turisticos-del-18-al-25-de-febrero-de-2021","status":"publish","type":"post","link":"https:\/\/morenoprimero.com.ar\/archivo\/calendario-de-eventos-turisticos-del-18-al-25-de-febrero-de-2021\/","title":{"rendered":"CALENDARIO DE EVENTOS TUR\u00cdSTICOS DEL 18 al 25 de febrero de 2021"},"content":{"rendered":"\n<h4 class=\"wp-block-heading\">La \u00faltima semana de febrero en la Provincia se podr\u00e1 disfrutar con visitas guiadas, actividades deportivas y festividades productivas. El municipio de Carlos Casares realizar\u00e1 la Fiesta Nacional del Girasol mientras que en La Plata continuar\u00e1 la celebraci\u00f3n del tomate platense. General Viamonte llevar\u00e1 adelante el duatl\u00f3n del carnaval, Moreno clases de yoga en su reserva natural y Saavedra una recorrida por su f\u00e1brica de quesos artesanales.<\/h4>\n\n\n\n<p><strong>MORENO<\/strong><br>Yoga en la Reserva Los Robles<\/p>\n\n\n\n<p>Fecha, hora y lugar: Mi\u00e9rcoles de 10:00 a 11:00 y s\u00e1bados de 15:00 a 16:00.<br>Descripci\u00f3n: La reserva municipal brindar\u00e1 clases de yoga para que quienes la visiten puedan experimentar una manera diferente de contactarse con la naturaleza. El acceso es gratuito con inscripci\u00f3n previa a trav\u00e9s de&nbsp;<a href=\"mailto:turismoimdel@gmail.com\" target=\"_blank\" rel=\"noreferrer noopener\">turismoimdel@gmail.com<\/a>. Cupos limitados. Organiza la Direcci\u00f3n de Turismo del Municipio de Moreno.<br>M\u00e1s informaci\u00f3n: Direcci\u00f3n de Turismo Moreno \u2013 (0237) 4664352 \u2013&nbsp;<a href=\"http:\/\/www.facebook.com\/Turismo-Moreno-108208924137788\" target=\"_blank\" rel=\"noreferrer noopener\">www.facebook.com\/Turismo-Moreno-108208924137788<\/a>&nbsp;\u2013&nbsp;<a href=\"http:\/\/losrobles.moreno.gob.ar\/\" target=\"_blank\" rel=\"noreferrer noopener\">http:\/\/losrobles.moreno.gob.ar\/<\/a><\/p>\n\n\n\n<p><strong>CARLOS CASARES<\/strong><\/p>\n\n\n\n<p>29\u00ba Fiesta nacional del girasol (virtual\/presencial)<br>Fecha, hora, plataforma: Del 17 al 21 de febrero. Transmisi\u00f3n v\u00eda&nbsp;<a href=\"http:\/\/www.facebook.com\/Fiestagirasol\" target=\"_blank\" rel=\"noreferrer noopener\">www.facebook.com\/Fiestagirasol<\/a>&nbsp;con acceso gratuito. Horario a confirmar.<br>Descripci\u00f3n: En esta edici\u00f3n especial se realizar\u00e1n concursos de vidrieras y barbijos alusivos&nbsp; a la celebraci\u00f3n, con importantes premios. Tambi\u00e9n habr\u00e1 talleres de cocina en vivo con chefs locales que elaborar\u00e1n platos a base de semillas de girasol. Adem\u00e1s, la embajadora de la fiesta recorrer\u00e1 los pueblos del distrito. El cierre ser\u00e1 el domingo a las 20:00 con la bendici\u00f3n de la semilla frente al palacio municipal. Organiza la Comisi\u00f3n de la Fiesta nacional del girasol y la Municipalidad de Carlos Casares.<br>M\u00e1s informaci\u00f3n:&nbsp;<a href=\"mailto:prensa.fiestagirasol@gmail.com\" target=\"_blank\" rel=\"noreferrer noopener\">prensa.fiestagirasol@gmail.com<\/a>&nbsp;\u2013 (02396) 518424.- #yoparticipodelaFNG2021<\/p>\n\n\n\n<p><strong>LA PLATA<\/strong><br>17\u00ba Fiesta del tomate platense<\/p>\n\n\n\n<p>Fecha, hora y lugar: S\u00e1bado 20 de febrero, de 10:00 a 18:00, en la Unidad Productiva ubicada en el predio de calle 615 y 31 (Arana).<br>Descripci\u00f3n: En la feria la prioridad ser\u00e1 la comercializaci\u00f3n del tomate platense y de los productos elaborados a base de este fruto. El ingreso es gratuito, sin inscripci\u00f3n previa. Organiza la Facultad de Ciencias Agrarias de la Universidad Nacional de La Plata.<br>M\u00e1s informaci\u00f3n:&nbsp;<a href=\"http:\/\/www.agro.unlp.edu.ar\/lista-eventos\" target=\"_blank\" rel=\"noreferrer noopener\">www.agro.unlp.edu.ar\/lista-eventos<\/a>&nbsp;\u2013&nbsp;<a href=\"http:\/\/www.facebook.com\/tomate.platense\" target=\"_blank\" rel=\"noreferrer noopener\">www.facebook.com\/tomate.platense<\/a>&nbsp;\u2013&nbsp;<a href=\"mailto:tomate_platense@yahoo.com.ar\" target=\"_blank\" rel=\"noreferrer noopener\">tomate_platense@yahoo.com.ar<\/a><br><strong>TRENQUE LAUQUEN<\/strong><br>1\u00ba Carrera de tu vida<br>Fecha, hora y lugar: Domingo 21 de febrero, a partir de las 20:00. Acreditaciones de 17:00 a 19:00. En la laguna Cuero de Zorro.<br>Descripci\u00f3n: Primera edici\u00f3n de Cross aventura 10 kil\u00f3metros con categor\u00edas por edades y g\u00e9nero. La actividad es arancelada con un costo de 800 pesos e incluye entrada al predio, remera y chip para fiscalizaci\u00f3n. Los cupos son limitados. Organizan el \u00c1rea de Promoci\u00f3n Tur\u00edstica, la Direcci\u00f3n de Deportes, laguna Cuero de Zorro y Motus Indumentaria.<br>M\u00e1s informaci\u00f3n:&nbsp;<a href=\"http:\/\/www.facebook.com\/CuerodeZorro\" target=\"_blank\" rel=\"noreferrer noopener\">www.facebook.com\/CuerodeZorro<\/a>&nbsp;\u2013&nbsp;<a href=\"mailto:turismo@trenquelauquen.gov.ar\" target=\"_blank\" rel=\"noreferrer noopener\">turismo@trenquelauquen.gov.ar<\/a><\/p>\n\n\n\n<p><strong>CORONEL DORREGO (Marisol)<\/strong><br>Safari fotogr\u00e1fico<br>Fecha, hora y lugar: Domingo 21 de febrero, a las 17:00. Salidas desde la Oficina de Turismo de Marisol, calle Tucum\u00e1n entre Rosario y Santa Fe.<br>Descripci\u00f3n: \u201cCapturando lo nuestro\u201d es un safari fotogr\u00e1fico que recorre los atractivos naturales de la costa dorreguense. La actividad es gratuita con cupos limitados. Organiza el Municipio de Coronel Dorrego.<br>M\u00e1s informaci\u00f3n: Oficina de Turismo Marisol \u2013 (02983) 495927&nbsp;<a href=\"http:\/\/www.facebook.com\/DorregoTurismo02\" target=\"_blank\" rel=\"noreferrer noopener\">www.facebook.com\/DorregoTurismo02<\/a><\/p>\n\n\n\n<p><strong>GENERAL VIAMONTE<\/strong><br>Duatl\u00f3n del carnaval 2021<br>Fecha, hora y lugar: Domingo 21 de febrero, a las 09:00, en el Parque Balneario.<br>Descripci\u00f3n: Duatl\u00f3n por caminos rurales con modalidad de 5 kil\u00f3metros de carrera a pie, 21 kil\u00f3metros de ciclismo, y 2.5 kil\u00f3metros de carrera a pie. La actividad es arancelada con inscripci\u00f3n previa v\u00eda WhatsApp (2358) 413218. Organiza agrupaci\u00f3n \u201cUnidas por la misma pasi\u00f3n\u201d y la Municipalidad de General Viamonte.<br>M\u00e1s informaci\u00f3n:&nbsp;<a href=\"http:\/\/www.facebook.com\/MunicipalidadGeneralViamonte\" target=\"_blank\" rel=\"noreferrer noopener\">www.facebook.com\/MunicipalidadGeneralViamonte<\/a><br><strong>OLAVARR\u00cdA<\/strong><br>Museo Hermanos Emiliozzi, muestra en vivo (virtual)<br>Fecha, hora y plataforma: Domingo 21 de febrero a las 20:00. Transmisi\u00f3n en vivo a trav\u00e9s de&nbsp;<a href=\"http:\/\/www.instagram.com\/museohermanosemiliozzi\" target=\"_blank\" rel=\"noreferrer noopener\">www.instagram.com\/museohermanosemiliozzi<br><\/a>Descripci\u00f3n: Recorrido virtual por las piezas m\u00e1s importantes del museo. El protagonista de la jornada ser\u00e1 el motor Ford v\u00e1lvulas a la cabeza y doble \u00e1rbol de levas en cabeza ideado y construido por los gringos Emiliozzi en el a\u00f1o 1948. Acceso gratuito. Organiza el Museo Municipal Hermanos Emiliozzi.<\/p>\n\n\n\n<p>M\u00e1s informaci\u00f3n: Museo Municipal \u2013&nbsp;<a href=\"mailto:museohnosemiliozzi@olavarria.gov.ar\" target=\"_blank\" rel=\"noreferrer noopener\">museohnosemiliozzi@olavarria.gov.ar<\/a>&nbsp;\u2013&nbsp;<a href=\"http:\/\/www.instagram.com\/museohermanosemiliozzi\" target=\"_blank\" rel=\"noreferrer noopener\">www.instagram.com\/museohermanosemiliozzi<\/a>&nbsp;\u2013&nbsp;<a href=\"http:\/\/www.facebook.com\/OlavarriaTurismoPaginaOficial\" target=\"_blank\" rel=\"noreferrer noopener\">www.facebook.com\/OlavarriaTurismoPaginaOficial<\/a><\/p>\n\n\n\n<p><strong>SALLIQUEL\u00d3<\/strong><\/p>\n\n\n\n<p>1\u00b0 Muestra virtual de esculturas (virtual)<br>Fecha, hora y plataforma: Disponible en forma permanente en&nbsp;<a href=\"http:\/\/www.facebook.com\/search\/top?q=municipalidad%20de%20salliquel%C3%B3\" target=\"_blank\" rel=\"noreferrer noopener\">www.facebook.com\/search\/top?q=municipalidad%20de%20salliquel%C3%B3<br><\/a>Descripci\u00f3n: Exposici\u00f3n virtual de las obras de Gabriel Campomar Cervera, fundador del Museo Hist\u00f3rico y Regional. El acceso es gratuito. Organiza la Direcci\u00f3n de Cultura de la Municipalidad de Salliquel\u00f3.<\/p>\n\n\n\n<p>M\u00e1s informaci\u00f3n: Direcci\u00f3n de Cultura \u2013&nbsp;<a href=\"http:\/\/www.facebook.com\/CulturaMunSalliquelo\" target=\"_blank\" rel=\"noreferrer noopener\">www.facebook.com\/CulturaMunSalliquelo<\/a>&nbsp;\u2013&nbsp;<a href=\"mailto:ofcultura@salliquelo.gob.ar\" target=\"_blank\" rel=\"noreferrer noopener\">ofcultura@salliquelo.gob.ar<\/a><\/p>\n\n\n\n<p><strong>SAAVEDRA<\/strong><\/p>\n\n\n\n<p>Visita guiada a El Balc\u00f3n del Arroyo<br>Fecha, hora y lugar: De lunes a lunes, a las 17:00, en el Balc\u00f3n del Arroyo, Ruta N\u00ba 33, kil\u00f3metro 77.<br>Descripci\u00f3n: Visita guiada por el tradicional tambo y f\u00e1brica de quesos, que se caracteriza por la intensidad del sabor de sus productos elaborados artesanalmente, sin aditivos ni conservantes. Actividad gratuita. Organiza establecimiento El Balc\u00f3n del Arroyo con el apoyo del Municipio de Saavedra.<br>M\u00e1s informaci\u00f3n: Balc\u00f3n del Arroyo \u2013 (02923) 15658875\/15419868 \u2013&nbsp;<a href=\"http:\/\/www.facebook.com\/elbalcondelarroyo\" target=\"_blank\" rel=\"noreferrer noopener\">www.facebook.com\/elbalcondelarroyo<br><\/a>Visita guiada a la ermita Nuestra Se\u00f1ora de Luj\u00e1n de la Sierra<br>Fecha, hora y lugar: De lunes a lunes, de 08:30 a 19:00, a 7 kil\u00f3metros de la localidad de Saavedra y 37 de la ciudad de Pig\u00fc\u00e9<br>Descripci\u00f3n: Caminata autoguiada por los diversos sectores de la ermita ubicada en la explanada de la parte superior del cerro Malvinas. Acceso libre, consultar en caso de lluvia.<br>M\u00e1s informaci\u00f3n: (02923) 15575321 \u2013&nbsp;<a href=\"http:\/\/www.ermitadesaavedra.com.ar\/\" target=\"_blank\" rel=\"noreferrer noopener\">www.ermitadesaavedra.com.ar<\/a><\/p>\n\n\n\n<p><strong>GUAMIN\u00cd<\/strong><br>4\u00ba traves\u00eda nocturna<br>Fecha, hora y lugar:&nbsp;S\u00e1bado 20 de febrero, a las 20:30, en el balneario municipal.<br>Descripci\u00f3n:&nbsp;Traves\u00eda nocturna de nataci\u00f3n en el lago del Monte. Los participantes partir\u00e1n desde la d\u00e1rsena hasta llegar a la zona central del balneario y podr\u00e1n recorrer 750 o 1500 metros. Actividad arancelada con un costo de 150 pesos. Inscripci\u00f3n v\u00eda&nbsp;WhatsApp (2923) 435811 o de 7:00 a 13:00 en el tel\u00e9fono de la Direcci\u00f3n de Deportes y Juventud (02929)&nbsp;432507 o a la Direcci\u00f3n de Turismo (02929) 432509. Cupos limitados.<br>M\u00e1s informaci\u00f3n:&nbsp;<a href=\"http:\/\/www.facebook.com\/Direccion-de-Turismo-de-Guamin%C3%AD-176135649161740\" target=\"_blank\" rel=\"noreferrer noopener\">www.facebook.com\/Direccion-de-Turismo-de-Guamin%C3%AD-176135649161740<\/a><\/p>\n\n\n\n<p>Adem\u00e1s, el fin de semana del 20 y 21 de febrero contin\u00faa el homenaje al 60 aniversario del Festival Infantil Nacional en Necochea.<\/p>\n\n\n\n<p>Todas las actividades presenciales se desarrollan bajo los protocolos establecidos por el Ministerio de Salud de la Naci\u00f3n. Adem\u00e1s, se sugiere a los asistentes cumplir con los protocolos b\u00e1sicos que consisten en la frecuente higienizaci\u00f3n de manos, el uso permanente de tapaboca-nariz y el respeto de la distancia social.<\/p>\n\n\n\n<p>En caso de viajar con fines tur\u00edsticos por la Provincia, recuerden tramitar el Certificado Verano a trav\u00e9s de la app CuidARr o en el sitio web&nbsp;<a href=\"http:\/\/www.argentina.gob.ar\/verano#inbox\/_blank\" target=\"_blank\" rel=\"noreferrer noopener\">www.argentina.gob.ar\/verano<\/a><\/p>\n\n\n\n<p><\/p>\n\n\n\n<p><\/p>\n","protected":false},"excerpt":{"rendered":"<p>La \u00faltima semana de febrero en la Provincia se podr\u00e1 disfrutar con visitas guiadas, actividades deportivas y festividades productivas. El municipio de Carlos Casares realizar\u00e1 la Fiesta Nacional del Girasol mientras que en La Plata continuar\u00e1 la celebraci\u00f3n del tomate &hellip; <a href=\"https:\/\/morenoprimero.com.ar\/archivo\/calendario-de-eventos-turisticos-del-18-al-25-de-febrero-de-2021\/\">Sigue leyendo <span class=\"meta-nav\">&rarr;<\/span><\/a><\/p>\n","protected":false},"author":6,"featured_media":8864,"comment_status":"open","ping_status":"open","sticky":false,"template":"","format":"standard","meta":{"footnotes":""},"categories":[21,5,20],"tags":[7,328,1358,1776],"class_list":["post-8860","post","type-post","status-publish","format-standard","has-post-thumbnail","hentry","category-interes-general","category-recomendadas","category-sociedad","tag-buenosaires","tag-turismo","tag-turismo-moreno","tag-turismo-provincia"],"_links":{"self":[{"href":"https:\/\/morenoprimero.com.ar\/archivo\/wp-json\/wp\/v2\/posts\/8860","targetHints":{"allow":["GET"]}}],"collection":[{"href":"https:\/\/morenoprimero.com.ar\/archivo\/wp-json\/wp\/v2\/posts"}],"about":[{"href":"https:\/\/morenoprimero.com.ar\/archivo\/wp-json\/wp\/v2\/types\/post"}],"author":[{"embeddable":true,"href":"https:\/\/morenoprimero.com.ar\/archivo\/wp-json\/wp\/v2\/users\/6"}],"replies":[{"embeddable":true,"href":"https:\/\/morenoprimero.com.ar\/archivo\/wp-json\/wp\/v2\/comments?post=8860"}],"version-history":[{"count":1,"href":"https:\/\/morenoprimero.com.ar\/archivo\/wp-json\/wp\/v2\/posts\/8860\/revisions"}],"predecessor-version":[{"id":8865,"href":"https:\/\/morenoprimero.com.ar\/archivo\/wp-json\/wp\/v2\/posts\/8860\/revisions\/8865"}],"wp:featuredmedia":[{"embeddable":true,"href":"https:\/\/morenoprimero.com.ar\/archivo\/wp-json\/wp\/v2\/media\/8864"}],"wp:attachment":[{"href":"https:\/\/morenoprimero.com.ar\/archivo\/wp-json\/wp\/v2\/media?parent=8860"}],"wp:term":[{"taxonomy":"category","embeddable":true,"href":"https:\/\/morenoprimero.com.ar\/archivo\/wp-json\/wp\/v2\/categories?post=8860"},{"taxonomy":"post_tag","embeddable":true,"href":"https:\/\/morenoprimero.com.ar\/archivo\/wp-json\/wp\/v2\/tags?post=8860"}],"curies":[{"name":"wp","href":"https:\/\/api.w.org\/{rel}","templated":true}]}}