{"id":8825,"date":"2021-02-19T17:51:21","date_gmt":"2021-02-19T17:51:21","guid":{"rendered":"https:\/\/morenoprimero.com.ar\/?p=8825"},"modified":"2021-02-19T17:51:21","modified_gmt":"2021-02-19T17:51:21","slug":"mariel-fernandez-participo-de-un-encuentro-para-la-coordinacion-territorial-de-los-programas-socioeducativos-nacionales","status":"publish","type":"post","link":"https:\/\/morenoprimero.com.ar\/archivo\/mariel-fernandez-participo-de-un-encuentro-para-la-coordinacion-territorial-de-los-programas-socioeducativos-nacionales\/","title":{"rendered":"MARIEL FERN\u00c1NDEZ PARTICIP\u00d3 DE UN ENCUENTRO PARA LA COORDINACI\u00d3N TERRITORIAL DE LOS PROGRAMAS SOCIOEDUCATIVOS NACIONALES"},"content":{"rendered":"\n<h4 class=\"wp-block-heading\">La reuni\u00f3n estuvo encabezada por Nicol\u00e1s Trotta, ministro de Educaci\u00f3n de la Naci\u00f3n, junto a intendentes e intendentas de diversos municipios de la Provincia. El objetivo fue la coordinaci\u00f3n territorial de los programas Acompa\u00f1ar, Progresar, REDES y el Plan de Educaci\u00f3n y Trabajo para el Desarrollo Sostenible. <\/h4>\n\n\n\n<p><strong>Mariel Fern\u00e1ndez <\/strong>particip\u00f3 de un encuentro con intendentes e intendentas de diversos municipios de la <strong>Provincia de Buenos Aires <\/strong>que encabez\u00f3 el ministro de Educaci\u00f3n de la Naci\u00f3n, Nicol\u00e1s Trotta. <\/p>\n\n\n\n<figure class=\"wp-block-image size-large\"><img loading=\"lazy\" decoding=\"async\" width=\"1024\" height=\"682\" src=\"https:\/\/morenoprimero.com.ar\/wp-content\/uploads\/2021\/02\/1_MarielyTrotta-1024x682.jpeg\" alt=\"\" class=\"wp-image-8829\" srcset=\"https:\/\/morenoprimero.com.ar\/archivo\/wp-content\/uploads\/2021\/02\/1_MarielyTrotta-1024x682.jpeg 1024w, https:\/\/morenoprimero.com.ar\/archivo\/wp-content\/uploads\/2021\/02\/1_MarielyTrotta-300x200.jpeg 300w, https:\/\/morenoprimero.com.ar\/archivo\/wp-content\/uploads\/2021\/02\/1_MarielyTrotta-768x512.jpeg 768w, https:\/\/morenoprimero.com.ar\/archivo\/wp-content\/uploads\/2021\/02\/1_MarielyTrotta.jpeg 1280w\" sizes=\"auto, (max-width: 1024px) 100vw, 1024px\" \/><\/figure>\n\n\n\n<p>El objetivo fue la coordinaci\u00f3n territorial de cuatro programas que el Estado nacional lleva adelante y que tendr\u00e1n un fuerte impacto en los distritos bonaerenses. Tambi\u00e9n se abord\u00f3 el regreso a la presencialidad cuidada prevista para el 1ro. de marzo.&nbsp;&nbsp;<\/p>\n\n\n\n<p>\u201cDesde la gesti\u00f3n municipal trabajamos en coordinaci\u00f3n con el estado nacional y con el estado provincial, para garantizar que se cumplan los derechos educativos de todas y todos\u201d se\u00f1al\u00f3 la intendenta Fern\u00e1ndez.<\/p>\n\n\n\n<p>En el encuentro acordaron que se avanzar\u00e1 en la firma de convenios con las y los intendentes para la colocaci\u00f3n de los puntos de inscripci\u00f3n <strong>Progresar<\/strong>, en donde los municipios instalar\u00e1n espacios con conectividad y computadoras para que vecinos\/as y estudiantes puedan acceder a este programa.<\/p>\n\n\n\n<p>Adem\u00e1s se introdujo a las y los jefes comunales sobre el programa Acompa\u00f1ar, puentes de igualdad que promueve y facilita la reanudaci\u00f3n de trayectorias escolares y educativas cuya interrupci\u00f3n ha sido potenciada por la pandemia; alentar y propiciar la continuidad en los estudios y generar condiciones para garantizar la continuidad pedag\u00f3gica. <\/p>\n\n\n\n<p>Tambi\u00e9n se present\u00f3 el programa <strong>Redes<\/strong>, una iniciativa de apoyo socioeducativo en espacios comunitarios. Tiene por objetivo promover y fortalecer la participaci\u00f3n de las Universidades en la asistencia y la colaboraci\u00f3n de las demandas socioeducativas espec\u00edficas, surgidas como consecuencia de la pandemia en poblaciones en situaci\u00f3n de aislamiento, ruralidad y\/o contextos de alta vulnerabilidad social. <\/p>\n\n\n\n<p>Y por \u00faltimo, se present\u00f3 el <strong>Plan de Educaci\u00f3n y Trabajo para el Desarrollo Sostenible<\/strong>, cuyo objetivo es transformar la ense\u00f1anza tecnol\u00f3gica secundaria y superior consolidando nuevos caminos de la Educaci\u00f3n T\u00e9cnico Profesional en pos del desarrollo social y econ\u00f3mico de Argentina. <\/p>\n\n\n\n<p>El mismo, &nbsp;incluye la implementaci\u00f3n de un plan de acci\u00f3n para el desarrollo de un <strong>Sistema Integral De Formaci\u00f3n Profesional <\/strong>, la creaci\u00f3n de <strong>Centros Tecnol\u00f3gicos de Innovaci\u00f3n Educativa en las Universidades Nacionales <\/strong>y la constituci\u00f3n del <strong>Instituto Nacional de Educaci\u00f3n Tecnol\u00f3gica (INET) <\/strong>como un foro de nuevas tecnolog\u00edas adecuadas a los planes de estudio y las formaciones que mejoren la relaci\u00f3n entre los trayectos educativos y la industria del siglo XXI.<\/p>\n\n\n\n<p>El titular de la cartera educativa se refiri\u00f3 a la retracci\u00f3n de la inversi\u00f3n educativa entre los a\u00f1os 2015 y 2019 de la cual la <strong>Provincia de Buenos Aires<\/strong> no estuvo exenta: \u201cLa inversi\u00f3n educativa en el caso de la Provincia fue de aproximadamente un 20 por ciento. Esto impact\u00f3 negativamente no solo en infraestructura escolar, sino tambi\u00e9n en la retracci\u00f3n del Estado en muchas pol\u00edticas socioeducativas\u201d.<\/p>\n\n\n\n<p>En cuanto al inicio de las clases presenciales el 1ro de marzo, <strong>Trotta <\/strong>afirm\u00f3: \u201cHoy tenemos el desaf\u00edo de sostener la presencialidad, fortalecer el trabajo mancomunado, acondicionar nuestras escuelas y acompa\u00f1ar a nuestra comunidad educativa. Para ello es central la articulaci\u00f3n de Estado nacional, Provincia y Municipios, para que los protocolos sean efectivamente aplicados en cada una de las escuelas y podamos llevar confianza y tranquilidad a las familias \u201d.<\/p>\n\n\n\n<p>Info: Municipio de Moreno prensa. <\/p>\n\n\n\n<p><\/p>\n\n\n\n<p><\/p>\n","protected":false},"excerpt":{"rendered":"<p>La reuni\u00f3n estuvo encabezada por Nicol\u00e1s Trotta, ministro de Educaci\u00f3n de la Naci\u00f3n, junto a intendentes e intendentas de diversos municipios de la Provincia. El objetivo fue la coordinaci\u00f3n territorial de los programas Acompa\u00f1ar, Progresar, REDES y el Plan de &hellip; <a href=\"https:\/\/morenoprimero.com.ar\/archivo\/mariel-fernandez-participo-de-un-encuentro-para-la-coordinacion-territorial-de-los-programas-socioeducativos-nacionales\/\">Sigue leyendo <span class=\"meta-nav\">&rarr;<\/span><\/a><\/p>\n","protected":false},"author":6,"featured_media":8828,"comment_status":"open","ping_status":"open","sticky":false,"template":"","format":"standard","meta":{"footnotes":""},"categories":[578,27],"tags":[1760,192,1756,1757,1761,1691,1758],"class_list":["post-8825","post","type-post","status-publish","format-standard","has-post-thumbnail","hentry","category-educacion","category-politica","tag-acompanar","tag-educacion-publica","tag-ministro-de-educacion-de-la-nacion","tag-municipios-bonaerenses","tag-plan-de-educacion-y-trabajo-para-el-desarrollo-sostenible","tag-progresar","tag-redes"],"_links":{"self":[{"href":"https:\/\/morenoprimero.com.ar\/archivo\/wp-json\/wp\/v2\/posts\/8825","targetHints":{"allow":["GET"]}}],"collection":[{"href":"https:\/\/morenoprimero.com.ar\/archivo\/wp-json\/wp\/v2\/posts"}],"about":[{"href":"https:\/\/morenoprimero.com.ar\/archivo\/wp-json\/wp\/v2\/types\/post"}],"author":[{"embeddable":true,"href":"https:\/\/morenoprimero.com.ar\/archivo\/wp-json\/wp\/v2\/users\/6"}],"replies":[{"embeddable":true,"href":"https:\/\/morenoprimero.com.ar\/archivo\/wp-json\/wp\/v2\/comments?post=8825"}],"version-history":[{"count":3,"href":"https:\/\/morenoprimero.com.ar\/archivo\/wp-json\/wp\/v2\/posts\/8825\/revisions"}],"predecessor-version":[{"id":8875,"href":"https:\/\/morenoprimero.com.ar\/archivo\/wp-json\/wp\/v2\/posts\/8825\/revisions\/8875"}],"wp:featuredmedia":[{"embeddable":true,"href":"https:\/\/morenoprimero.com.ar\/archivo\/wp-json\/wp\/v2\/media\/8828"}],"wp:attachment":[{"href":"https:\/\/morenoprimero.com.ar\/archivo\/wp-json\/wp\/v2\/media?parent=8825"}],"wp:term":[{"taxonomy":"category","embeddable":true,"href":"https:\/\/morenoprimero.com.ar\/archivo\/wp-json\/wp\/v2\/categories?post=8825"},{"taxonomy":"post_tag","embeddable":true,"href":"https:\/\/morenoprimero.com.ar\/archivo\/wp-json\/wp\/v2\/tags?post=8825"}],"curies":[{"name":"wp","href":"https:\/\/api.w.org\/{rel}","templated":true}]}}