{"id":8798,"date":"2021-02-18T11:36:51","date_gmt":"2021-02-18T11:36:51","guid":{"rendered":"https:\/\/morenoprimero.com.ar\/?p=8798"},"modified":"2021-02-18T11:36:52","modified_gmt":"2021-02-18T11:36:52","slug":"el-presidente-recibio-a-los-padres-de-ursula-bahillo-la-joven-victima-de-femicidio","status":"publish","type":"post","link":"https:\/\/morenoprimero.com.ar\/archivo\/el-presidente-recibio-a-los-padres-de-ursula-bahillo-la-joven-victima-de-femicidio\/","title":{"rendered":"EL PRESIDENTE RECIBI\u00d3 A LOS PADRES DE \u00daRSULA BAHILLO, LA JOVEN V\u00cdCTIMA DE FEMICIDIO"},"content":{"rendered":"\n<h4 class=\"wp-block-heading\">El encuentro se realiz\u00f3 el mi\u00e9rcoles por la tarde en la casa rosada con Patricia Nasutti y Adolfo Bahillo.<\/h4>\n\n\n\n<p>El presidente Alberto Fern\u00e1ndez mantuvo esta tarde un encuentro en la Casa Rosada con Patricia Nasutti y Adolfo Bahillo, padres de Ursula, la joven de 18 a\u00f1os que fuera v\u00edctima de femicidio en la ciudad bonaerense de Rojas el 8 de febrero \u00faltimo, por el que se encuentra acusado su expareja.<\/p>\n\n\n\n<p>El mandatario estuvo acompa\u00f1ado por las ministras de <strong>Mujeres, G\u00e9neros y Diversidad, Elizabeth G\u00f3mez Alcorta; de Justicia y Derechos Humanos, Marcela Losardo, y de Seguridad, Sabina Frederic.<\/strong><\/p>\n\n\n\n<p>Por el asesinato a pu\u00f1aladas fue imputado y est\u00e1 detenido <strong>Mat\u00edas Mart\u00ednez<\/strong>, sobre quien <strong>\u00darsula <\/strong>ya hab\u00eda radicado varias denuncias por amenazas y actos de violencia f\u00edsica sufridos previamente.<\/p>\n\n\n\n<p>En este contexto, <strong>Fern\u00e1ndez<\/strong> anunci\u00f3 el s\u00e1bado \u00faltimo que el Gobierno avanza en la creaci\u00f3n del <strong>Consejo Federal para el Abordaje de Femicidios<\/strong>, <strong>Travesticidios y Transfemicidios<\/strong>, con el objetivo de dar respuesta ante los hechos de violencia extrema contra mujeres y LGBTQ+.<\/p>\n\n\n\n<p>Adem\u00e1s, el mandatario convoc\u00f3 hoy, mediante una carta, a todos los gobernadores a trabajar mancomunadamente y a poner todos los esfuerzos \u201c<strong>para llevar adelante las medidas y las transformaciones que son necesarias y a construir as\u00ed, una Argentina unida contra las violencias de g\u00e9nero<\/strong>\u201d.<\/p>\n","protected":false},"excerpt":{"rendered":"<p>El encuentro se realiz\u00f3 el mi\u00e9rcoles por la tarde en la casa rosada con Patricia Nasutti y Adolfo Bahillo. El presidente Alberto Fern\u00e1ndez mantuvo esta tarde un encuentro en la Casa Rosada con Patricia Nasutti y Adolfo Bahillo, padres de &hellip; <a href=\"https:\/\/morenoprimero.com.ar\/archivo\/el-presidente-recibio-a-los-padres-de-ursula-bahillo-la-joven-victima-de-femicidio\/\">Sigue leyendo <span class=\"meta-nav\">&rarr;<\/span><\/a><\/p>\n","protected":false},"author":6,"featured_media":8799,"comment_status":"open","ping_status":"open","sticky":false,"template":"","format":"standard","meta":{"footnotes":""},"categories":[27,20],"tags":[645,1748,624],"class_list":["post-8798","post","type-post","status-publish","format-standard","has-post-thumbnail","hentry","category-politica","category-sociedad","tag-alberto-fernandez-2","tag-consejo-federal-para-el-abordaje-de-femicidios-traesticidios-y-transfemicidios","tag-ministerio-de-mujeres-generos-y-diversidad"],"_links":{"self":[{"href":"https:\/\/morenoprimero.com.ar\/archivo\/wp-json\/wp\/v2\/posts\/8798","targetHints":{"allow":["GET"]}}],"collection":[{"href":"https:\/\/morenoprimero.com.ar\/archivo\/wp-json\/wp\/v2\/posts"}],"about":[{"href":"https:\/\/morenoprimero.com.ar\/archivo\/wp-json\/wp\/v2\/types\/post"}],"author":[{"embeddable":true,"href":"https:\/\/morenoprimero.com.ar\/archivo\/wp-json\/wp\/v2\/users\/6"}],"replies":[{"embeddable":true,"href":"https:\/\/morenoprimero.com.ar\/archivo\/wp-json\/wp\/v2\/comments?post=8798"}],"version-history":[{"count":1,"href":"https:\/\/morenoprimero.com.ar\/archivo\/wp-json\/wp\/v2\/posts\/8798\/revisions"}],"predecessor-version":[{"id":8800,"href":"https:\/\/morenoprimero.com.ar\/archivo\/wp-json\/wp\/v2\/posts\/8798\/revisions\/8800"}],"wp:featuredmedia":[{"embeddable":true,"href":"https:\/\/morenoprimero.com.ar\/archivo\/wp-json\/wp\/v2\/media\/8799"}],"wp:attachment":[{"href":"https:\/\/morenoprimero.com.ar\/archivo\/wp-json\/wp\/v2\/media?parent=8798"}],"wp:term":[{"taxonomy":"category","embeddable":true,"href":"https:\/\/morenoprimero.com.ar\/archivo\/wp-json\/wp\/v2\/categories?post=8798"},{"taxonomy":"post_tag","embeddable":true,"href":"https:\/\/morenoprimero.com.ar\/archivo\/wp-json\/wp\/v2\/tags?post=8798"}],"curies":[{"name":"wp","href":"https:\/\/api.w.org\/{rel}","templated":true}]}}