{"id":8687,"date":"2021-02-12T16:49:41","date_gmt":"2021-02-12T16:49:41","guid":{"rendered":"https:\/\/morenoprimero.com.ar\/?p=8687"},"modified":"2021-02-26T17:58:23","modified_gmt":"2021-02-26T17:58:23","slug":"moreno-lanzo-un-registro-municipal-de-artistas-callejeros","status":"publish","type":"post","link":"https:\/\/morenoprimero.com.ar\/archivo\/moreno-lanzo-un-registro-municipal-de-artistas-callejeros\/","title":{"rendered":"MORENO LANZ\u00d3 UN REGISTRO MUNICIPAL DE ARTISTAS CALLEJEROS"},"content":{"rendered":"\n<h4 class=\"wp-block-heading\">La iniciativa busca proteger a quienes hacen arte en la v\u00eda p\u00fablica. El formulario de inscripci\u00f3n ya se encuentra disponible. <\/h4>\n\n\n\n<p>En Diciembre del a\u00f1o pasado el <strong>Concejo Deliberante de Moreno<\/strong> aprob\u00f3 una ordenanza que respalda a las y los artistas callejeros. Hoy finalmente el Municipio lanz\u00f3 el <strong>Registro Municipal<\/strong>  en articulaci\u00f3n con la ordenanza <strong>N\u00ba6376\/20<\/strong> que busca \u00abproteger a las ciudadanas y ciudadanos de Moreno que desarrollan actividades art\u00edsticas en la v\u00eda p\u00fablica y fomentar la actividad art\u00edstica y cultural en la v\u00eda p\u00fablica y espacios p\u00fablicos y\/o no convencionales de Moreno.\u00bb Adem\u00e1s, la ordenanza declara como Patrimonio Cultural de Moreno  \u00aba las expresiones y manifestaciones tangibles e intangibles realizadas por las y los artistas ambulantes y\/o itinerantes.\u00bb<\/p>\n\n\n\n<p><strong>\u00bfQu\u00e9 se considera arte callejero en la resoluci\u00f3n? <\/strong><br>\u00abCualquier representaci\u00f3n manifestada a trav\u00e9s de los distintos lenguajes art\u00edsticos expresados, que constituya un espect\u00e1culo y\/o una obra de arte, que sea desarrollada por int\u00e9rpretes en forma directa y\/o presencial, ya sea en forma unipersonal o grupal a trav\u00e9s de shows, presentaciones, representaciones, as\u00ed como cualquier manifestaci\u00f3n tangible o intangible del arte y\/o cultura y que se desarrolle en transportes p\u00fablicos, espacios de uso p\u00fablico, tales como plazas, parques, veredas, sem\u00e1foros -en el lapso en el cual este se encuentra en color rojo sobre las sendas peatonales- y otros, compartiendo un espacio com\u00fan con los espectadores.\u00bb<\/p>\n\n\n\n<p><br><strong>\u00bf Y Artistas Callejeros?<\/strong><\/p>\n\n\n\n<p>Son artistas callejeros o itinerantes, las y los m\u00fasicos, las y los bailarines, las y los cirqueros (las y los malabaristas entre otras actividades o manifestaciones circenses ), elencos teatrales, magos, titiriteros, mimos, actores, actrices, estatuas vivientes, las y los payasos, artistas pl\u00e1sticos y desarrolladores audiovisuales, y toda aquella persona que realice actividades encuadradas en el Art\u00edculo 3\u00b0 de la presente, sea a t\u00edtulo gratuito o mediante la recepci\u00f3n de una contribuci\u00f3n voluntaria del p\u00fablico y\/o lo que se denomina usualmente a la gorra, en la v\u00eda p\u00fablica.<\/p>\n\n\n\n<p>Por consultas o ayuda para completar el formulario, las personas interesadas pueden acercarse todos los martes de 8.30 a 13.00 hs a la<strong> Casa de la Cultura<\/strong> &#8211; Dr. Vera 247.<\/p>\n\n\n\n<p>LINK PARA COMPLETAR FORMULARIO:<br><a rel=\"noreferrer noopener\" href=\"https:\/\/docs.google.com\/forms\/d\/e\/1FAIpQLSf1miqKAfw-lhheHAv3QNnrsItWh64VYBT5V0iTEPlzBjN0Fg\/viewform?usp=sf_link&amp;fbclid=IwAR3zvihvsaC2YfrZ6wh4YyM-2MHXQOhfYftCno9-1T7zREXFVa9MmA7QYNc\" target=\"_blank\">https:\/\/docs.google.com\/&#8230;\/1 FAIpQLSf1miqKAfw&#8230;\/viewform&#8230;<\/a><\/p>\n\n\n\n<figure class=\"wp-block-image size-large\"><img loading=\"lazy\" decoding=\"async\" width=\"1024\" height=\"1024\" src=\"https:\/\/morenoprimero.com.ar\/wp-content\/uploads\/2021\/02\/148586241_2500258723614936_6234393417629852436_o-1024x1024.jpg\" alt=\"\" class=\"wp-image-8718\" srcset=\"https:\/\/morenoprimero.com.ar\/archivo\/wp-content\/uploads\/2021\/02\/148586241_2500258723614936_6234393417629852436_o-1024x1024.jpg 1024w, https:\/\/morenoprimero.com.ar\/archivo\/wp-content\/uploads\/2021\/02\/148586241_2500258723614936_6234393417629852436_o-300x300.jpg 300w, https:\/\/morenoprimero.com.ar\/archivo\/wp-content\/uploads\/2021\/02\/148586241_2500258723614936_6234393417629852436_o-150x150.jpg 150w, https:\/\/morenoprimero.com.ar\/archivo\/wp-content\/uploads\/2021\/02\/148586241_2500258723614936_6234393417629852436_o-768x769.jpg 768w, https:\/\/morenoprimero.com.ar\/archivo\/wp-content\/uploads\/2021\/02\/148586241_2500258723614936_6234393417629852436_o.jpg 1279w\" sizes=\"auto, (max-width: 1024px) 100vw, 1024px\" \/><\/figure>\n","protected":false},"excerpt":{"rendered":"<p>La iniciativa busca proteger a quienes hacen arte en la v\u00eda p\u00fablica. El formulario de inscripci\u00f3n ya se encuentra disponible. En Diciembre del a\u00f1o pasado el Concejo Deliberante de Moreno aprob\u00f3 una ordenanza que respalda a las y los artistas &hellip; <a href=\"https:\/\/morenoprimero.com.ar\/archivo\/moreno-lanzo-un-registro-municipal-de-artistas-callejeros\/\">Sigue leyendo <span class=\"meta-nav\">&rarr;<\/span><\/a><\/p>\n","protected":false},"author":6,"featured_media":8970,"comment_status":"open","ping_status":"open","sticky":false,"template":"","format":"standard","meta":{"footnotes":""},"categories":[20],"tags":[1716,6,1715],"class_list":["post-8687","post","type-post","status-publish","format-standard","has-post-thumbnail","hentry","category-sociedad","tag-artistas-callejeros","tag-moreno","tag-registro-municipal"],"_links":{"self":[{"href":"https:\/\/morenoprimero.com.ar\/archivo\/wp-json\/wp\/v2\/posts\/8687","targetHints":{"allow":["GET"]}}],"collection":[{"href":"https:\/\/morenoprimero.com.ar\/archivo\/wp-json\/wp\/v2\/posts"}],"about":[{"href":"https:\/\/morenoprimero.com.ar\/archivo\/wp-json\/wp\/v2\/types\/post"}],"author":[{"embeddable":true,"href":"https:\/\/morenoprimero.com.ar\/archivo\/wp-json\/wp\/v2\/users\/6"}],"replies":[{"embeddable":true,"href":"https:\/\/morenoprimero.com.ar\/archivo\/wp-json\/wp\/v2\/comments?post=8687"}],"version-history":[{"count":7,"href":"https:\/\/morenoprimero.com.ar\/archivo\/wp-json\/wp\/v2\/posts\/8687\/revisions"}],"predecessor-version":[{"id":8971,"href":"https:\/\/morenoprimero.com.ar\/archivo\/wp-json\/wp\/v2\/posts\/8687\/revisions\/8971"}],"wp:featuredmedia":[{"embeddable":true,"href":"https:\/\/morenoprimero.com.ar\/archivo\/wp-json\/wp\/v2\/media\/8970"}],"wp:attachment":[{"href":"https:\/\/morenoprimero.com.ar\/archivo\/wp-json\/wp\/v2\/media?parent=8687"}],"wp:term":[{"taxonomy":"category","embeddable":true,"href":"https:\/\/morenoprimero.com.ar\/archivo\/wp-json\/wp\/v2\/categories?post=8687"},{"taxonomy":"post_tag","embeddable":true,"href":"https:\/\/morenoprimero.com.ar\/archivo\/wp-json\/wp\/v2\/tags?post=8687"}],"curies":[{"name":"wp","href":"https:\/\/api.w.org\/{rel}","templated":true}]}}