{"id":8653,"date":"2021-02-11T11:45:00","date_gmt":"2021-02-11T11:45:00","guid":{"rendered":"https:\/\/morenoprimero.com.ar\/?p=8653"},"modified":"2021-02-11T11:45:00","modified_gmt":"2021-02-11T11:45:00","slug":"moreno-no-tuvo-fallecidos-por-covid-19","status":"publish","type":"post","link":"https:\/\/morenoprimero.com.ar\/archivo\/moreno-no-tuvo-fallecidos-por-covid-19\/","title":{"rendered":"MORENO NO TUVO FALLECIDOS POR COVID-19"},"content":{"rendered":"\n<h4 class=\"wp-block-heading\">Lo inform\u00f3 el Municipio de Moreno a trav\u00e9s de su reporte diario, correspondiente al pasado mi\u00e9rcoles, sobre coronavirus.<\/h4>\n\n\n\n<p>Si bien no hubo fallecidos al d\u00eda <strong>Mi\u00e9rcoles 10 de Febrero<\/strong>, s\u00ed hubo <strong>62 <\/strong>nuevos casos confirmados y <strong>30<\/strong> recuperados de <strong>Covid-19<\/strong>.<\/p>\n\n\n\n<p>Hasta el momento, hay <strong>24926<\/strong> casos confirmados, <strong>22380<\/strong> pacientes recuperados y <strong>683<\/strong> fallecidos por <strong>Coronavirus<\/strong> en el Municipio.<\/p>\n\n\n\n<p>Info: Municipio de Moreno Prensa.<\/p>\n","protected":false},"excerpt":{"rendered":"<p>Lo inform\u00f3 el Municipio de Moreno a trav\u00e9s de su reporte diario, correspondiente al pasado mi\u00e9rcoles, sobre coronavirus. Si bien no hubo fallecidos al d\u00eda Mi\u00e9rcoles 10 de Febrero, s\u00ed hubo 62 nuevos casos confirmados y 30 recuperados de Covid-19. &hellip; <a href=\"https:\/\/morenoprimero.com.ar\/archivo\/moreno-no-tuvo-fallecidos-por-covid-19\/\">Sigue leyendo <span class=\"meta-nav\">&rarr;<\/span><\/a><\/p>\n","protected":false},"author":6,"featured_media":3834,"comment_status":"open","ping_status":"open","sticky":false,"template":"","format":"standard","meta":{"footnotes":""},"categories":[536,20],"tags":[26,540,1054,102],"class_list":["post-8653","post","type-post","status-publish","format-standard","has-post-thumbnail","hentry","category-salud","category-sociedad","tag-coronavirus","tag-covid","tag-informe-diario","tag-municipio-de-moreno"],"_links":{"self":[{"href":"https:\/\/morenoprimero.com.ar\/archivo\/wp-json\/wp\/v2\/posts\/8653","targetHints":{"allow":["GET"]}}],"collection":[{"href":"https:\/\/morenoprimero.com.ar\/archivo\/wp-json\/wp\/v2\/posts"}],"about":[{"href":"https:\/\/morenoprimero.com.ar\/archivo\/wp-json\/wp\/v2\/types\/post"}],"author":[{"embeddable":true,"href":"https:\/\/morenoprimero.com.ar\/archivo\/wp-json\/wp\/v2\/users\/6"}],"replies":[{"embeddable":true,"href":"https:\/\/morenoprimero.com.ar\/archivo\/wp-json\/wp\/v2\/comments?post=8653"}],"version-history":[{"count":1,"href":"https:\/\/morenoprimero.com.ar\/archivo\/wp-json\/wp\/v2\/posts\/8653\/revisions"}],"predecessor-version":[{"id":8654,"href":"https:\/\/morenoprimero.com.ar\/archivo\/wp-json\/wp\/v2\/posts\/8653\/revisions\/8654"}],"wp:featuredmedia":[{"embeddable":true,"href":"https:\/\/morenoprimero.com.ar\/archivo\/wp-json\/wp\/v2\/media\/3834"}],"wp:attachment":[{"href":"https:\/\/morenoprimero.com.ar\/archivo\/wp-json\/wp\/v2\/media?parent=8653"}],"wp:term":[{"taxonomy":"category","embeddable":true,"href":"https:\/\/morenoprimero.com.ar\/archivo\/wp-json\/wp\/v2\/categories?post=8653"},{"taxonomy":"post_tag","embeddable":true,"href":"https:\/\/morenoprimero.com.ar\/archivo\/wp-json\/wp\/v2\/tags?post=8653"}],"curies":[{"name":"wp","href":"https:\/\/api.w.org\/{rel}","templated":true}]}}