{"id":8649,"date":"2021-02-10T17:09:44","date_gmt":"2021-02-10T17:09:44","guid":{"rendered":"https:\/\/morenoprimero.com.ar\/?p=8649"},"modified":"2021-02-10T17:09:44","modified_gmt":"2021-02-10T17:09:44","slug":"moreno-tiene-un-nuevo-fallecido-por-coronavirus","status":"publish","type":"post","link":"https:\/\/morenoprimero.com.ar\/archivo\/moreno-tiene-un-nuevo-fallecido-por-coronavirus\/","title":{"rendered":"MORENO TIENE UN NUEVO FALLECIDO POR CORONAVIRUS"},"content":{"rendered":"\n<h4 class=\"wp-block-heading\">Seg\u00fan el informe diario que env\u00eda el municipio hay 76 nuevos casos confirmados de Covid-19 y 40 recuperadxs al 9 de febrero.<\/h4>\n\n\n\n<p>El informe diario sobre la situaci\u00f3n epidemiol\u00f3gica sobre coronavirus que env\u00eda el <strong>Municipio de Moreno<\/strong> mencion\u00f3 que al d\u00eda de ayer hay 1 nuevo fallecido por Covid19.<\/p>\n\n\n\n<p>En total, al 9 de febrero, hay 76 confirmados, 40 recuperadxs y 2787 vacunadxs con la primera dosis de la vacuna Sputnik V, mientras que con la segunda dosis hay hasta el momento 1334 personas ya vacunadas.<\/p>\n\n\n\n<p>Info: Municipio de Moreno Prensa. <\/p>\n\n\n\n<p><\/p>\n","protected":false},"excerpt":{"rendered":"<p>Seg\u00fan el informe diario que env\u00eda el municipio hay 76 nuevos casos confirmados de Covid-19 y 40 recuperadxs al 9 de febrero. El informe diario sobre la situaci\u00f3n epidemiol\u00f3gica sobre coronavirus que env\u00eda el Municipio de Moreno mencion\u00f3 que al &hellip; <a href=\"https:\/\/morenoprimero.com.ar\/archivo\/moreno-tiene-un-nuevo-fallecido-por-coronavirus\/\">Sigue leyendo <span class=\"meta-nav\">&rarr;<\/span><\/a><\/p>\n","protected":false},"author":6,"featured_media":3834,"comment_status":"open","ping_status":"open","sticky":false,"template":"","format":"standard","meta":{"footnotes":""},"categories":[536,20],"tags":[1694,26,94,6,1695],"class_list":["post-8649","post","type-post","status-publish","format-standard","has-post-thumbnail","hentry","category-salud","category-sociedad","tag-1-fallecido","tag-coronavirus","tag-covid-19","tag-moreno","tag-secretaria-de-la-salud"],"_links":{"self":[{"href":"https:\/\/morenoprimero.com.ar\/archivo\/wp-json\/wp\/v2\/posts\/8649","targetHints":{"allow":["GET"]}}],"collection":[{"href":"https:\/\/morenoprimero.com.ar\/archivo\/wp-json\/wp\/v2\/posts"}],"about":[{"href":"https:\/\/morenoprimero.com.ar\/archivo\/wp-json\/wp\/v2\/types\/post"}],"author":[{"embeddable":true,"href":"https:\/\/morenoprimero.com.ar\/archivo\/wp-json\/wp\/v2\/users\/6"}],"replies":[{"embeddable":true,"href":"https:\/\/morenoprimero.com.ar\/archivo\/wp-json\/wp\/v2\/comments?post=8649"}],"version-history":[{"count":1,"href":"https:\/\/morenoprimero.com.ar\/archivo\/wp-json\/wp\/v2\/posts\/8649\/revisions"}],"predecessor-version":[{"id":8650,"href":"https:\/\/morenoprimero.com.ar\/archivo\/wp-json\/wp\/v2\/posts\/8649\/revisions\/8650"}],"wp:featuredmedia":[{"embeddable":true,"href":"https:\/\/morenoprimero.com.ar\/archivo\/wp-json\/wp\/v2\/media\/3834"}],"wp:attachment":[{"href":"https:\/\/morenoprimero.com.ar\/archivo\/wp-json\/wp\/v2\/media?parent=8649"}],"wp:term":[{"taxonomy":"category","embeddable":true,"href":"https:\/\/morenoprimero.com.ar\/archivo\/wp-json\/wp\/v2\/categories?post=8649"},{"taxonomy":"post_tag","embeddable":true,"href":"https:\/\/morenoprimero.com.ar\/archivo\/wp-json\/wp\/v2\/tags?post=8649"}],"curies":[{"name":"wp","href":"https:\/\/api.w.org\/{rel}","templated":true}]}}