{"id":8633,"date":"2021-02-10T17:03:15","date_gmt":"2021-02-10T17:03:15","guid":{"rendered":"https:\/\/morenoprimero.com.ar\/?p=8633"},"modified":"2021-02-10T17:03:16","modified_gmt":"2021-02-10T17:03:16","slug":"estudiantes-universitarios-que-perciban-la-beca-progresar-podran-acceder-a-la-prestacion-basica-universal","status":"publish","type":"post","link":"https:\/\/morenoprimero.com.ar\/archivo\/estudiantes-universitarios-que-perciban-la-beca-progresar-podran-acceder-a-la-prestacion-basica-universal\/","title":{"rendered":"ESTUDIANTES UNIVERSITARIOS QUE PERCIBAN LA BECA PROGRESAR PODR\u00c1N ACCEDER A LA PRESTACI\u00d3N B\u00c1SICA UNIVERSAL"},"content":{"rendered":"\n<h4 class=\"wp-block-heading\">Las y los estudiantes podr\u00e1n acceder a tarifas especiales para celulares, telefon\u00eda fija, internet y tv por cable.<\/h4>\n\n\n\n<p>La <strong>Direcci\u00f3n de Bienestar y Asuntos Estudiantiles de la UNM<\/strong> inform\u00f3 que, a trav\u00e9s de la reglamentaci\u00f3n de la <strong>Prestaci\u00f3n B\u00e1sica Universal y Obligatoria<\/strong> (PBU) para celulares, Internet, televisi\u00f3n por cable y telefon\u00eda fija, los estudiantes universitarios, podr\u00e1n acceder a dichos servicios con una tarifa a menor costo.<\/p>\n\n\n\n<p>Desde el 1 de enero de este a\u00f1o comenz\u00f3 a regir la Resoluci\u00f3n-APN-<strong>ENACOM<\/strong> N\u00b0 1467\/2020, mediante la cual el gobierno nacional impuls\u00f3 una Tarifa B\u00e1sica Universal para dichos servicios, a trav\u00e9s de la PBU.<br><br>La declaraci\u00f3n de los servicios de las <strong>Tecnolog\u00edas de la Informaci\u00f3n <\/strong>(TIC) como servicios p\u00fablicos, conlleva el deber del Estado de garantizar el acceso a las mismas por cualquiera de sus plataformas. Es por ello que, a trav\u00e9s del <strong>Ente Nacional de Comunicaciones <\/strong>(ENACOM), se establecieron abonos b\u00e1sicos que las empresas prestadoras deber\u00e1n brindar a los usuarios que lo soliciten.<br><br>Esta iniciativa remarca a los estudiantes universitarios que perciban una beca del programa Progresar como poblaci\u00f3n objetivo de esta medida.<br><br>Para tramitar la conexi\u00f3n a los servicios con las empresas prestadoras, cada estudiante deber\u00e1 solicitar la <strong>PBU,<\/strong> a trav\u00e9s de una declaraci\u00f3n jurada que podr\u00e1n descargar haciendo&nbsp;<strong><a rel=\"noreferrer noopener\" href=\"https:\/\/formularioenacom.gob.ar\/descargas\/PRESTACIONES_BASICAS_UNIVERSALES.pdf\" target=\"_blank\">click aqu\u00ed<\/a><\/strong>.<\/p>\n\n\n\n<p>Info: Universidad Nacional de Moreno.<\/p>\n\n\n\n<p><\/p>\n\n\n\n<p><\/p>\n\n\n\n<p><\/p>\n","protected":false},"excerpt":{"rendered":"<p>Las y los estudiantes podr\u00e1n acceder a tarifas especiales para celulares, telefon\u00eda fija, internet y tv por cable. La Direcci\u00f3n de Bienestar y Asuntos Estudiantiles de la UNM inform\u00f3 que, a trav\u00e9s de la reglamentaci\u00f3n de la Prestaci\u00f3n B\u00e1sica Universal &hellip; <a href=\"https:\/\/morenoprimero.com.ar\/archivo\/estudiantes-universitarios-que-perciban-la-beca-progresar-podran-acceder-a-la-prestacion-basica-universal\/\">Sigue leyendo <span class=\"meta-nav\">&rarr;<\/span><\/a><\/p>\n","protected":false},"author":6,"featured_media":8637,"comment_status":"open","ping_status":"open","sticky":false,"template":"","format":"standard","meta":{"footnotes":""},"categories":[578],"tags":[1524,1691,84],"class_list":["post-8633","post","type-post","status-publish","format-standard","has-post-thumbnail","hentry","category-educacion","tag-prestacion-basica-universal-y-obligatoria","tag-progresar","tag-unm"],"_links":{"self":[{"href":"https:\/\/morenoprimero.com.ar\/archivo\/wp-json\/wp\/v2\/posts\/8633","targetHints":{"allow":["GET"]}}],"collection":[{"href":"https:\/\/morenoprimero.com.ar\/archivo\/wp-json\/wp\/v2\/posts"}],"about":[{"href":"https:\/\/morenoprimero.com.ar\/archivo\/wp-json\/wp\/v2\/types\/post"}],"author":[{"embeddable":true,"href":"https:\/\/morenoprimero.com.ar\/archivo\/wp-json\/wp\/v2\/users\/6"}],"replies":[{"embeddable":true,"href":"https:\/\/morenoprimero.com.ar\/archivo\/wp-json\/wp\/v2\/comments?post=8633"}],"version-history":[{"count":5,"href":"https:\/\/morenoprimero.com.ar\/archivo\/wp-json\/wp\/v2\/posts\/8633\/revisions"}],"predecessor-version":[{"id":8648,"href":"https:\/\/morenoprimero.com.ar\/archivo\/wp-json\/wp\/v2\/posts\/8633\/revisions\/8648"}],"wp:featuredmedia":[{"embeddable":true,"href":"https:\/\/morenoprimero.com.ar\/archivo\/wp-json\/wp\/v2\/media\/8637"}],"wp:attachment":[{"href":"https:\/\/morenoprimero.com.ar\/archivo\/wp-json\/wp\/v2\/media?parent=8633"}],"wp:term":[{"taxonomy":"category","embeddable":true,"href":"https:\/\/morenoprimero.com.ar\/archivo\/wp-json\/wp\/v2\/categories?post=8633"},{"taxonomy":"post_tag","embeddable":true,"href":"https:\/\/morenoprimero.com.ar\/archivo\/wp-json\/wp\/v2\/tags?post=8633"}],"curies":[{"name":"wp","href":"https:\/\/api.w.org\/{rel}","templated":true}]}}