{"id":8629,"date":"2021-02-10T17:10:30","date_gmt":"2021-02-10T17:10:30","guid":{"rendered":"https:\/\/morenoprimero.com.ar\/?p=8629"},"modified":"2021-02-10T17:10:31","modified_gmt":"2021-02-10T17:10:31","slug":"mariel-fernandez-visito-a-brenda-la-joven-asaltada-por-motochorros-y-arrollada-por-un-auto","status":"publish","type":"post","link":"https:\/\/morenoprimero.com.ar\/archivo\/mariel-fernandez-visito-a-brenda-la-joven-asaltada-por-motochorros-y-arrollada-por-un-auto\/","title":{"rendered":"MARIEL FERN\u00c1NDEZ VISIT\u00d3 A BRENDA, LA JOVEN ASALTADA POR MOTOCHORROS Y ARROLLADA POR UN AUTO"},"content":{"rendered":"\n<h4 class=\"wp-block-heading\">La intendenta public\u00f3 en sus redes la visita a la joven que sufri\u00f3 un violento robo, en Octubre del a\u00f1o pasado,  cuando se encontraba yendo una panader\u00eda del Barrio Villa Salas. <\/h4>\n\n\n\n<p>\u00abVisit\u00e9 a Brenda, que hace cuatro meses fue v\u00edctima de un robo en moto y arrollada por un auto\u00bb mencion\u00f3 la mandataria en su<a href=\"https:\/\/www.instagram.com\/p\/CLC007AsU3Y\/?igshid=jx63f2rhl873\"> Instagram personal <\/a>en el d\u00eda de ayer.<\/p>\n\n\n\n<p>La intendenta expres\u00f3 que junto a Brenda charlaron sobre el futuro y agreg\u00f3 que le acerc\u00f3 <em>un rosario bendecido por el Papa Francisco para que la acompa\u00f1e en su total recuperaci\u00f3n.<\/em><\/p>\n\n\n\n<p><\/p>\n\n\n\n<p><\/p>\n","protected":false},"excerpt":{"rendered":"<p>La intendenta public\u00f3 en sus redes la visita a la joven que sufri\u00f3 un violento robo, en Octubre del a\u00f1o pasado, cuando se encontraba yendo una panader\u00eda del Barrio Villa Salas. \u00abVisit\u00e9 a Brenda, que hace cuatro meses fue v\u00edctima &hellip; <a href=\"https:\/\/morenoprimero.com.ar\/archivo\/mariel-fernandez-visito-a-brenda-la-joven-asaltada-por-motochorros-y-arrollada-por-un-auto\/\">Sigue leyendo <span class=\"meta-nav\">&rarr;<\/span><\/a><\/p>\n","protected":false},"author":6,"featured_media":8630,"comment_status":"open","ping_status":"open","sticky":false,"template":"","format":"standard","meta":{"footnotes":""},"categories":[27,20],"tags":[276,1689,1690],"class_list":["post-8629","post","type-post","status-publish","format-standard","has-post-thumbnail","hentry","category-politica","category-sociedad","tag-mariel-fernandez","tag-robo-violento","tag-visita"],"_links":{"self":[{"href":"https:\/\/morenoprimero.com.ar\/archivo\/wp-json\/wp\/v2\/posts\/8629","targetHints":{"allow":["GET"]}}],"collection":[{"href":"https:\/\/morenoprimero.com.ar\/archivo\/wp-json\/wp\/v2\/posts"}],"about":[{"href":"https:\/\/morenoprimero.com.ar\/archivo\/wp-json\/wp\/v2\/types\/post"}],"author":[{"embeddable":true,"href":"https:\/\/morenoprimero.com.ar\/archivo\/wp-json\/wp\/v2\/users\/6"}],"replies":[{"embeddable":true,"href":"https:\/\/morenoprimero.com.ar\/archivo\/wp-json\/wp\/v2\/comments?post=8629"}],"version-history":[{"count":1,"href":"https:\/\/morenoprimero.com.ar\/archivo\/wp-json\/wp\/v2\/posts\/8629\/revisions"}],"predecessor-version":[{"id":8631,"href":"https:\/\/morenoprimero.com.ar\/archivo\/wp-json\/wp\/v2\/posts\/8629\/revisions\/8631"}],"wp:featuredmedia":[{"embeddable":true,"href":"https:\/\/morenoprimero.com.ar\/archivo\/wp-json\/wp\/v2\/media\/8630"}],"wp:attachment":[{"href":"https:\/\/morenoprimero.com.ar\/archivo\/wp-json\/wp\/v2\/media?parent=8629"}],"wp:term":[{"taxonomy":"category","embeddable":true,"href":"https:\/\/morenoprimero.com.ar\/archivo\/wp-json\/wp\/v2\/categories?post=8629"},{"taxonomy":"post_tag","embeddable":true,"href":"https:\/\/morenoprimero.com.ar\/archivo\/wp-json\/wp\/v2\/tags?post=8629"}],"curies":[{"name":"wp","href":"https:\/\/api.w.org\/{rel}","templated":true}]}}