{"id":8548,"date":"2021-02-08T12:26:18","date_gmt":"2021-02-08T12:26:18","guid":{"rendered":"https:\/\/morenoprimero.com.ar\/?p=8548"},"modified":"2021-02-08T12:26:18","modified_gmt":"2021-02-08T12:26:18","slug":"el-operativo-amor-por-el-barrio-llego-a-la-delegacion-de-cuartel-v","status":"publish","type":"post","link":"https:\/\/morenoprimero.com.ar\/archivo\/el-operativo-amor-por-el-barrio-llego-a-la-delegacion-de-cuartel-v\/","title":{"rendered":"EL OPERATIVO \u00abAMOR POR EL BARRIO\u00bb LLEG\u00d3 A LA DELEGACI\u00d3N DE CUARTEL V"},"content":{"rendered":"\n<h4 class=\"wp-block-heading\">All\u00ed habr\u00e1 mesas de atenci\u00f3n para migraciones, testeos de VIH, asesoramiento sobre la vacuna de Covid-19, Zoonosis, entre otras atenciones. Se realizar\u00e1 de 10 a 14 horas. <\/h4>\n\n\n\n<p>Este Lunes 8 de Febrero se realizar\u00e1 un operativo denominado \u00abAmor por el barrio\u00bb en la <strong>Delegaci\u00f3n de Cuartel V<\/strong> de 10 a 14 horas.<\/p>\n\n\n\n<p>All\u00ed habr\u00e1 mesas de atenci\u00f3n para realizar tr\u00e1mites de migraciones, Cultura, Educaci\u00f3n y Deportes, Mercado en tu barrio, Protecci\u00f3n Civil, entre otras.<\/p>\n\n\n\n<p>Info: Municipio de Moreno prensa. <\/p>\n\n\n\n<p><\/p>\n\n\n\n<p><\/p>\n","protected":false},"excerpt":{"rendered":"<p>All\u00ed habr\u00e1 mesas de atenci\u00f3n para migraciones, testeos de VIH, asesoramiento sobre la vacuna de Covid-19, Zoonosis, entre otras atenciones. Se realizar\u00e1 de 10 a 14 horas. Este Lunes 8 de Febrero se realizar\u00e1 un operativo denominado \u00abAmor por el &hellip; <a href=\"https:\/\/morenoprimero.com.ar\/archivo\/el-operativo-amor-por-el-barrio-llego-a-la-delegacion-de-cuartel-v\/\">Sigue leyendo <span class=\"meta-nav\">&rarr;<\/span><\/a><\/p>\n","protected":false},"author":6,"featured_media":8549,"comment_status":"open","ping_status":"open","sticky":false,"template":"","format":"standard","meta":{"footnotes":""},"categories":[20],"tags":[1669,156,6],"class_list":["post-8548","post","type-post","status-publish","format-standard","has-post-thumbnail","hentry","category-sociedad","tag-amor-por-el-barrio","tag-cuartel-v","tag-moreno"],"_links":{"self":[{"href":"https:\/\/morenoprimero.com.ar\/archivo\/wp-json\/wp\/v2\/posts\/8548","targetHints":{"allow":["GET"]}}],"collection":[{"href":"https:\/\/morenoprimero.com.ar\/archivo\/wp-json\/wp\/v2\/posts"}],"about":[{"href":"https:\/\/morenoprimero.com.ar\/archivo\/wp-json\/wp\/v2\/types\/post"}],"author":[{"embeddable":true,"href":"https:\/\/morenoprimero.com.ar\/archivo\/wp-json\/wp\/v2\/users\/6"}],"replies":[{"embeddable":true,"href":"https:\/\/morenoprimero.com.ar\/archivo\/wp-json\/wp\/v2\/comments?post=8548"}],"version-history":[{"count":3,"href":"https:\/\/morenoprimero.com.ar\/archivo\/wp-json\/wp\/v2\/posts\/8548\/revisions"}],"predecessor-version":[{"id":8552,"href":"https:\/\/morenoprimero.com.ar\/archivo\/wp-json\/wp\/v2\/posts\/8548\/revisions\/8552"}],"wp:featuredmedia":[{"embeddable":true,"href":"https:\/\/morenoprimero.com.ar\/archivo\/wp-json\/wp\/v2\/media\/8549"}],"wp:attachment":[{"href":"https:\/\/morenoprimero.com.ar\/archivo\/wp-json\/wp\/v2\/media?parent=8548"}],"wp:term":[{"taxonomy":"category","embeddable":true,"href":"https:\/\/morenoprimero.com.ar\/archivo\/wp-json\/wp\/v2\/categories?post=8548"},{"taxonomy":"post_tag","embeddable":true,"href":"https:\/\/morenoprimero.com.ar\/archivo\/wp-json\/wp\/v2\/tags?post=8548"}],"curies":[{"name":"wp","href":"https:\/\/api.w.org\/{rel}","templated":true}]}}