{"id":8315,"date":"2021-02-05T19:08:02","date_gmt":"2021-02-05T19:08:02","guid":{"rendered":"https:\/\/morenoprimero.com.ar\/?p=8315"},"modified":"2021-02-05T19:08:02","modified_gmt":"2021-02-05T19:08:02","slug":"la-sociedad-ante-la-pandemia-desde-la-vision-de-dirigentes-contagiados-de-covid-19","status":"publish","type":"post","link":"https:\/\/morenoprimero.com.ar\/archivo\/la-sociedad-ante-la-pandemia-desde-la-vision-de-dirigentes-contagiados-de-covid-19\/","title":{"rendered":"LA SOCIEDAD ANTE LA PANDEMIA DESDE LA VISI\u00d3N DE DIRIGENTES CONTAGIADOS DE COVID-19"},"content":{"rendered":"\n<h4 class=\"wp-block-heading\">  Referentes de distintos espacios pol\u00edticos dialogaron con T\u00e9lam y compartieron sus experiencias al dar covid-19 positivo, y adem\u00e1s, expresaron su percepci\u00f3n de la sociedad a casi un a\u00f1o de la pandemia en el pa\u00eds.<\/h4>\n\n\n\n<p>&nbsp; En la \u00faltima semana, el secretario de la Econom\u00eda Social de la Naci\u00f3n, Emilio P\u00e9rsico, y el ministro de Desarrollo de la Comunidad de la provincia de Buenos Aires, Andr\u00e9s Larroque, se vieron afectados por la Covid-19, por lo que debieron suspender sus actividades y aislarse.&nbsp;<\/p>\n\n\n\n<p>&nbsp; P\u00e9rsico es dirigente del Movimiento Evita y uno de los portavoces del movimiento por la econom\u00eda popular. Con 64 a\u00f1os, dio positivo de Covid-19 y estuvo internado una noche en el Hospital de alta complejidad del Bicentenario, en Monte Grande, partido de Esteban Echeverr\u00eda.&nbsp;<br>&nbsp;<br>\u00abMe reconocieron y ven\u00edan todos a hablarme. Entonces pude hablar con muchos del persona<strong>l. La mayor\u00eda se hab\u00eda anotado para especializarse en&nbsp;Covid<\/strong>\u00ab, relat\u00f3 el dirigente del Evita.&nbsp;<\/p>\n\n\n\n<p>Andr\u00e9s Larroque, por su parte, se aisl\u00f3 junto a su familia en su hogar, ubicado en Villa Elisa, y describi\u00f3 la sensaci\u00f3n f\u00edsica causada por la enfermedad como \u201cverdaderamente muy molesta\u201d.&nbsp;&nbsp;<\/p>\n\n\n\n<p> Tanto Emilio P\u00e9rsico como Andr\u00e9s Larroque, ambos involucrados en la gesti\u00f3n del \u00e1rea social, uno en el Estado Nacional y otro en la provincia de Buenos Aires, est\u00e1n atravesando la misma experiencia que otros protagonistas de la pol\u00edtica nacional.&nbsp;<br>  <\/p>\n\n\n\n<figure class=\"wp-block-image\"><img decoding=\"async\" src=\"https:\/\/www.lapoliticaonline.com\/files\/image\/63\/63303\/5eb35a350047c_938_479!.jpg?s=2f7f853a70e0cac417d9db03173e8225&amp;d=1588812342\" alt=\"Larroque se reuni\u00f3 con P\u00e9rsico y Grabois y le da volumen pol\u00edtico al  ministerio\"\/><\/figure>\n\n\n\n<p><\/p>\n\n\n\n<p>  En las \u00faltimas semanas, otro caso fue el del<strong>&nbsp;intendente de General Alvarado (cuya cabecera es Miramar), Sebasti\u00e1n&nbsp;Ianantuony&nbsp;(FdT), que sorprendi\u00f3 a m\u00e1s de uno por haberse dado la vacuna contra la Covid-19 d\u00edas antes de que diera positivo.&nbsp;<\/strong><\/p>\n\n\n\n<p>  \u00abMi caso tuvo m\u00e1s resonancia porque justo me hab\u00eda dado la (primera) dosis de la vacuna, ahora el 6 de febrero me voy a dar la segunda. Mis s\u00edntomas fueron muy leves\u00bb, cont\u00f3 el jefe comunal.<\/p>\n\n\n\n<figure class=\"wp-block-image\"><img decoding=\"async\" src=\"https:\/\/d1iibezb83drel.cloudfront.net\/wp-content\/uploads\/2020\/12\/sebastian-ianantuony-1-464x261.webp\" alt=\"ENTREVISTA GLP: El intendente Ianantuony proyecta \u201cun ingreso de mil  turistas por d\u00eda\u201d a la ciudad | Grupo La Provincia\"\/><\/figure>\n\n\n\n<p><strong>&nbsp;<\/strong> El intendente de Lan\u00fas, N\u00e9stor&nbsp;Grindetti&nbsp;(JxC), tiene 66 a\u00f1os y tambi\u00e9n tuvo que aislarse junto a su esposa<strong>.&nbsp;&nbsp;<\/strong>&nbsp;<\/p>\n\n\n\n<p><strong> \u00abDebo decir que yo me testeaba el ox\u00edgeno cada dos o tres horas porque sab\u00eda que es el punto d\u00e9bil de la gente de mi edad<\/strong>\u00ab, se sincer\u00f3 el intendente.<br><\/p>\n\n\n\n<figure class=\"wp-block-image\"><img decoding=\"async\" src=\"https:\/\/images.clarin.com\/2020\/07\/16\/karina-spalla-directora-del-instituto___MquUZQqHe_340x340__1.jpg\" alt=\"La esposa del intendente de Lan\u00fas con coronavirus: &quot;En el Municipio, el  \u00fanico que tuvo contacto estrecho con ella fue Grindetti&quot;\"\/><\/figure>\n\n\n\n<p>&nbsp;<\/p>\n\n\n\n<h5 class=\"wp-block-heading\">Desde el plano individual al plano colectivo<\/h5>\n\n\n\n<p>  A la hora de trasladarse de lo individual a lo colectivo, P\u00e9rsico, Larroque,&nbsp;Ianantuony&nbsp;y&nbsp;Grindetti&nbsp;respondieron a T\u00e9lam sobre lo que perciben en la conducta social a medida que la pandemia se prolonga.&nbsp;<br>&nbsp;<br>&nbsp; Para Larroque, \u00abtodo hecho p\u00fablico, y tambi\u00e9n la pandemia, se termina politizando, esas son las reglas de juego, aunque a m\u00ed me sorprendi\u00f3 que en un sector (de la dirigencia) no haya primado la responsabilidad\u00bb.&nbsp;<\/p>\n\n\n\n<blockquote class=\"wp-block-quote is-layout-flow wp-block-quote-is-layout-flow\"><p> Todo hecho p\u00fablico, y tambi\u00e9n la pandemia, se termina politizando, esas son las reglas de juego, aunque a m\u00ed me sorprendi\u00f3 que en un sector (de la dirigencia) no haya primado la responsabilidad<\/p><cite>Andr\u00e9s Larroque.<\/cite><\/blockquote>\n\n\n\n<p><br>&nbsp;<br> \u00ab<strong>Pero m\u00e1s all\u00e1 de la pol\u00edtica, lo que es llamativo es lo de los medios de comunicaci\u00f3n<\/strong>\u00ab, subray\u00f3 y destac\u00f3 que la clave para lo que viene es el avance de la vacunaci\u00f3n.&nbsp;<br>&nbsp;<br>  P\u00e9rsico, por su parte, se\u00f1al\u00f3 que la sociedad argentina \u201ctodav\u00eda la va a pasar muy mal\u201d, en referencia al rebrote que se prev\u00e9 para el invierno.&nbsp;<\/p>\n\n\n\n<p>&nbsp;\u00abLo importante es tener atenci\u00f3n m\u00e9dica cuando la&nbsp;necesit\u00e1s, porque es maravilloso sentirte acompa\u00f1ado. Por otro lado, los movimientos sociales y los sindicatos vamos a colaborar mucho. Adem\u00e1s, veo muy preparado al sistema de salud: en Moreno pasamos de 8 respiradores a 58\u00bb, remarc\u00f3 P\u00e9rsico.&nbsp;<\/p>\n\n\n\n<blockquote class=\"wp-block-quote is-layout-flow wp-block-quote-is-layout-flow\"><p>Lo importante es tener atenci\u00f3n m\u00e9dica cuando la&nbsp;necesit\u00e1s, porque es maravilloso sentirte acompa\u00f1ado. Por otro lado, los movimientos sociales y los sindicatos vamos a colaborar mucho. Adem\u00e1s, veo muy preparado al sistema de salud: en Moreno pasamos de 8 respiradores a 58.<\/p><cite>Emilio P\u00e9rsico.<\/cite><\/blockquote>\n\n\n\n<p><br>&nbsp;<br>Sobre la posibilidad de vacunarse,&nbsp;Grindetti&nbsp;dijo que primero se har\u00e1 un testeo de anticuerpos.&nbsp;<br>&nbsp;<br>\u00abSi tengo anticuerpos, no me vacuno; pero si no tengo, como me corresponde por la edad, s\u00ed me la dar\u00eda. Yo conf\u00edo en que las no s\u00e9 cu\u00e1ntas vacunas que est\u00e1n dando vueltas han sido aprobadas por sus organizaciones de salud\u00bb, se\u00f1al\u00f3.&nbsp;<\/p>\n\n\n\n<blockquote class=\"wp-block-quote is-layout-flow wp-block-quote-is-layout-flow\"><p>Yo conf\u00edo en que las no s\u00e9 cu\u00e1ntas vacunas que est\u00e1n dando vueltas han sido aprobadas por sus organizaciones de salud<\/p><cite>N\u00e9stor Grindetti.<\/cite><\/blockquote>\n\n\n\n<p><br>&nbsp;<br>Lanantuony, que se integr\u00f3 al&nbsp;FdT&nbsp;desde las filas del Frente Renovador, valor\u00f3 las medidas que se fueron lanzando a nivel nacional y asegur\u00f3 que \u00e9l, en Miramar, las profundiz\u00f3 con ciertas particularidades.&nbsp;<br>&nbsp;<br>\u00abNosotros hisopamos y analizamos (el resultado) en la misma ciudad. Hicimos un gran esfuerzo para controlar la situaci\u00f3n epidemiol\u00f3gica, porque estamos cerca de Mar del Plata, un gran centro urbano. Hacia adentro fuimos muy permisivos, pero hacia afuera, con el control de los accesos, fuimos muy restrictivos\u00bb, dijo.&nbsp;<\/p>\n","protected":false},"excerpt":{"rendered":"<p>Referentes de distintos espacios pol\u00edticos dialogaron con T\u00e9lam y compartieron sus experiencias al dar covid-19 positivo, y adem\u00e1s, expresaron su percepci\u00f3n de la sociedad a casi un a\u00f1o de la pandemia en el pa\u00eds. &nbsp; En la \u00faltima semana, el &hellip; <a href=\"https:\/\/morenoprimero.com.ar\/archivo\/la-sociedad-ante-la-pandemia-desde-la-vision-de-dirigentes-contagiados-de-covid-19\/\">Sigue leyendo <span class=\"meta-nav\">&rarr;<\/span><\/a><\/p>\n","protected":false},"author":6,"featured_media":8317,"comment_status":"open","ping_status":"open","sticky":false,"template":"","format":"standard","meta":{"footnotes":""},"categories":[27],"tags":[94,17,14],"class_list":["post-8315","post","type-post","status-publish","format-standard","has-post-thumbnail","hentry","category-politica","tag-covid-19","tag-pandemia","tag-sociedad"],"_links":{"self":[{"href":"https:\/\/morenoprimero.com.ar\/archivo\/wp-json\/wp\/v2\/posts\/8315","targetHints":{"allow":["GET"]}}],"collection":[{"href":"https:\/\/morenoprimero.com.ar\/archivo\/wp-json\/wp\/v2\/posts"}],"about":[{"href":"https:\/\/morenoprimero.com.ar\/archivo\/wp-json\/wp\/v2\/types\/post"}],"author":[{"embeddable":true,"href":"https:\/\/morenoprimero.com.ar\/archivo\/wp-json\/wp\/v2\/users\/6"}],"replies":[{"embeddable":true,"href":"https:\/\/morenoprimero.com.ar\/archivo\/wp-json\/wp\/v2\/comments?post=8315"}],"version-history":[{"count":4,"href":"https:\/\/morenoprimero.com.ar\/archivo\/wp-json\/wp\/v2\/posts\/8315\/revisions"}],"predecessor-version":[{"id":8321,"href":"https:\/\/morenoprimero.com.ar\/archivo\/wp-json\/wp\/v2\/posts\/8315\/revisions\/8321"}],"wp:featuredmedia":[{"embeddable":true,"href":"https:\/\/morenoprimero.com.ar\/archivo\/wp-json\/wp\/v2\/media\/8317"}],"wp:attachment":[{"href":"https:\/\/morenoprimero.com.ar\/archivo\/wp-json\/wp\/v2\/media?parent=8315"}],"wp:term":[{"taxonomy":"category","embeddable":true,"href":"https:\/\/morenoprimero.com.ar\/archivo\/wp-json\/wp\/v2\/categories?post=8315"},{"taxonomy":"post_tag","embeddable":true,"href":"https:\/\/morenoprimero.com.ar\/archivo\/wp-json\/wp\/v2\/tags?post=8315"}],"curies":[{"name":"wp","href":"https:\/\/api.w.org\/{rel}","templated":true}]}}