{"id":8258,"date":"2021-01-29T17:11:22","date_gmt":"2021-01-29T17:11:22","guid":{"rendered":"https:\/\/morenoprimero.com.ar\/?p=8258"},"modified":"2021-01-29T17:16:31","modified_gmt":"2021-01-29T17:16:31","slug":"se-encuentra-abierta-la-inscripcion-como-soldado-voluntario-del-ejercito-argentino","status":"publish","type":"post","link":"https:\/\/morenoprimero.com.ar\/archivo\/se-encuentra-abierta-la-inscripcion-como-soldado-voluntario-del-ejercito-argentino\/","title":{"rendered":"SE ENCUENTRA ABIERTA LA INSCRIPCI\u00d3N COMO SOLDADO VOLUNTARIO DEL EJ\u00c9RCITO ARGENTINO"},"content":{"rendered":"\n<h4 class=\"wp-block-heading\">  La inscripci\u00f3n como soldado voluntario tiene diferentes requisitos, y las unidades militares para incorporarse son m\u00faltiples y en diferentes geograf\u00edas del pa\u00eds.<\/h4>\n\n\n\n<p><strong>El soldado voluntario<\/strong>&nbsp;<\/p>\n\n\n\n<p>Desde el a\u00f1o 1994, existe la posibilidad de ser parte del Ej\u00e9rcito como Soldado Voluntario, en reemplazo al anterior sistema de Servicio Militar Obligatorio. La principal ventaja que presenta este sistema de incorporaci\u00f3n, es que el Soldado Voluntario puede tener una permanencia dentro de la Fuerza de hasta diez a\u00f1os, donde desempe\u00f1ar\u00e1 variadas funciones dentro de la organizaci\u00f3n, dependiendo de sus capacidades y aptitudes personales.&nbsp;<\/p>\n\n\n\n<p>En sus primeras semanas dentro del Ej\u00e9rcito, el ciudadano pasar\u00e1 por un per\u00edodo de instrucci\u00f3n b\u00e1sica como soldado individual, donde aprender\u00e1 t\u00e9cnicas y t\u00e1cticas que le ser\u00e1n \u00fatiles para desempe\u00f1arse de la mejor manera en el \u00e1mbito castrense dentro de su unidad, en el terreno y, finalmente, en las distintas operaciones militares de las que forme parte. Esta etapa de instrucci\u00f3n b\u00e1sica es com\u00fan en todas las unidades del pa\u00eds y al finalizarla el soldado ser\u00e1 capacitado para llevar adelante un rol espec\u00edfico en el lugar donde se encuentre destinado.&nbsp;<\/p>\n\n\n\n<p><strong>Beneficios<\/strong>&nbsp;<\/p>\n\n\n\n<p>Apenas el ciudadano es incorporado al Ej\u00e9rcito Argentino se encuentra protegido por cobertura sanitaria y social, percibe un haber mensual, m\u00e1s suplementos de acuerdo a la regi\u00f3n donde preste servicios. Se le efect\u00faan los aportes previsionales pertinentes, tiene la posibilidad de vivir en la misma unidad donde se desempe\u00f1e y se le brinda todo el apoyo y flexibilidad posible para que complete sus estudios secundarios, en caso de no haberlos finalizado.&nbsp;<\/p>\n\n\n\n<p>El Soldado Voluntario puede desempe\u00f1arse como tal hasta la edad de 28 a\u00f1os, cuando indefectiblemente deber\u00e1 dejar la Fuerza. Previamente, antes de cumplir los 24 a\u00f1os, podr\u00e1 decidir continuar en el Ej\u00e9rcito m\u00e1s all\u00e1 de la mencionada edad pudiendo continuar la carrera de suboficial en la Escuela de Suboficiales del Ej\u00e9rcito \u201cSargento Cabral\u201d o de oficial, en el Colegio Militar de la Naci\u00f3n.&nbsp;<\/p>\n\n\n\n<p><strong>Requisitos para ser soldado voluntario<\/strong>&nbsp;<\/p>\n\n\n\n<p>Si&nbsp;quer\u00e9s&nbsp;ser parte del Ej\u00e9rcito Argentino como Soldado Voluntario, deber\u00e1s acercarte a la unidad m\u00e1s cercana a tu domicilio, donde recibir\u00e1s informaci\u00f3n sobre los centros de reclutamiento disponibles y donde te sacar\u00e1s todas tus dudas. Al momento de presentarte deber\u00e1s reunir las siguientes condiciones:&nbsp;<\/p>\n\n\n\n<ul class=\"wp-block-list\"><li>Ser ciudadano\/a argentino\/a nativo\/a, por opci\u00f3n o naturalizado.&nbsp;<\/li><li>Tener entre dieciocho (18) y veinticuatro (24) a\u00f1os de edad al momento de la incorporaci\u00f3n.&nbsp;<\/li><li>De estado civil soltero\/a, pudiendo tener hijos y\/o personas legalmente a cargo.&nbsp;<\/li><li>Tener estudios primarios aprobados.&nbsp;<\/li><li>Presentar certificado de antecedentes penales. (Registro Nacional de Reincidencia)&nbsp;<\/li><li>Poseer buenas condiciones f\u00edsicas y de salud.&nbsp;<\/li><\/ul>\n\n\n\n<p>No se puede precisar una fecha de incorporaci\u00f3n exacta, ya que el proceso de aceptaci\u00f3n incluye varias etapas de revisaci\u00f3n m\u00e9dica, examen psicol\u00f3gico y test vocacional.&nbsp;<\/p>\n\n\n\n<h5 class=\"wp-block-heading\">En este momento las unidades militares que se encuentran habilitadas para incorporar son:&nbsp;<\/h5>\n\n\n\n<p><strong>Buenos Aires<\/strong>&nbsp;<\/p>\n\n\n\n<p><strong>En Palermo (CABA)<\/strong>&nbsp;<\/p>\n\n\n\n<ul class=\"wp-block-list\"><li>Regimiento de Infanter\u00eda 1 \u201cPatricios\u201d&nbsp;<\/li><li>Regimiento de Granaderos a Caballo \u201cGeneral San Mart\u00edn\u201d&nbsp;<\/li><li>Hospital Militar Central \u201cCirujano Mayor Cosme Argerich\u201d&nbsp;<\/li><\/ul>\n\n\n\n<p><strong>Contacto para inscripci\u00f3n<\/strong>&nbsp;<\/p>\n\n\n\n<p>Comando de la Guarnici\u00f3n Militar Buenos Aires &#8211; Oficina de reclutamiento \u201cPalermo\u201d&nbsp;<br>Direcci\u00f3n:Av. Intendente Bullrich 481 &#8211; Ciudad Aut\u00f3noma de Buenos Aires&nbsp;<br>Tel: 4576-5537&nbsp;<br>Correo electr\u00f3nico:&nbsp;<a href=\"mailto:reclutamientopalermo@hotmail.com\" target=\"_blank\" rel=\"noreferrer noopener\">reclutamientopalermo@hotmail.com<\/a>&nbsp;<\/p>\n\n\n\n<figure class=\"wp-block-image size-large\"><img loading=\"lazy\" decoding=\"async\" width=\"1024\" height=\"682\" src=\"https:\/\/morenoprimero.com.ar\/wp-content\/uploads\/2021\/01\/image-3.jpeg\" alt=\"\" class=\"wp-image-8259\" srcset=\"https:\/\/morenoprimero.com.ar\/archivo\/wp-content\/uploads\/2021\/01\/image-3.jpeg 1024w, https:\/\/morenoprimero.com.ar\/archivo\/wp-content\/uploads\/2021\/01\/image-3-300x200.jpeg 300w, https:\/\/morenoprimero.com.ar\/archivo\/wp-content\/uploads\/2021\/01\/image-3-768x512.jpeg 768w\" sizes=\"auto, (max-width: 1024px) 100vw, 1024px\" \/><\/figure>\n\n\n\n<p><strong>En Campo de Mayo (Buenos Aires)<\/strong>&nbsp;<\/p>\n\n\n\n<ul class=\"wp-block-list\"><li>Regimiento de Artiller\u00eda 1 \u201cBrigadier General Tom\u00e1s de Iriarte\u201d&nbsp;<\/li><li>Regimiento de Asalto A\u00e9reo 601&nbsp;<\/li><li>Hospital Militar Campo de Mayo \u201cCirujano Primero Doctor Juan Madera\u201d&nbsp;<\/li><li>Direcci\u00f3n de Educaci\u00f3n Operacional (DEOP)&nbsp;<\/li><li>Colegio Militar de la Naci\u00f3n (CMN)&nbsp;<\/li><li>Escuela de Suboficiales del Ej\u00e9rcito \u201cSargento Cabral\u201d (ESESC)&nbsp;<\/li><\/ul>\n\n\n\n<p><strong>Contacto para inscripci\u00f3n<\/strong>&nbsp;<\/p>\n\n\n\n<p>Comando de la Guarnici\u00f3n Militar Buenos Aires &#8211; Oficina de reclutamiento \u201cCampo de Mayo\u201d&nbsp;<br>Direcci\u00f3n: Ruta&nbsp;Nac&nbsp;Nro&nbsp;8 y Puerta&nbsp;Nro&nbsp;4 &#8211; 1659 CAMPO DE MAYO \u2013 PROVINCIA DE BUENOS AIRES&nbsp;<br>Tel: 4666 &#8211; 5270&nbsp;<br>Correo electr\u00f3nico:&nbsp;<a href=\"mailto:cfigueroa@ejercito.mil.ar\" target=\"_blank\" rel=\"noreferrer noopener\">cfigueroa@ejercito.mil.ar<\/a>&nbsp;\/&nbsp;<a href=\"mailto:aptitudesfisicas@live.com\" target=\"_blank\" rel=\"noreferrer noopener\">aptitudesfisicas@live.com<\/a>&nbsp;<\/p>\n\n\n\n<figure class=\"wp-block-image size-large\"><img loading=\"lazy\" decoding=\"async\" width=\"1024\" height=\"650\" src=\"https:\/\/morenoprimero.com.ar\/wp-content\/uploads\/2021\/01\/image-4.jpeg\" alt=\"\" class=\"wp-image-8260\" srcset=\"https:\/\/morenoprimero.com.ar\/archivo\/wp-content\/uploads\/2021\/01\/image-4.jpeg 1024w, https:\/\/morenoprimero.com.ar\/archivo\/wp-content\/uploads\/2021\/01\/image-4-300x190.jpeg 300w, https:\/\/morenoprimero.com.ar\/archivo\/wp-content\/uploads\/2021\/01\/image-4-768x488.jpeg 768w\" sizes=\"auto, (max-width: 1024px) 100vw, 1024px\" \/><\/figure>\n\n\n\n<p><strong>C\u00f3rdoba<\/strong>&nbsp;<\/p>\n\n\n\n<p><strong>IV\u00aa&nbsp;Brigada Aerotransportada<\/strong>&nbsp;<\/p>\n\n\n\n<ul class=\"wp-block-list\"><li>Regimiento de Infanter\u00eda Paracaidista 2&nbsp;<\/li><li>Regimiento de Infanter\u00eda Paracaidista 14&nbsp;<\/li><li>Grupo de Artiller\u00eda Paracaidista 4&nbsp;<\/li><li>Escuadr\u00f3n de Exploraci\u00f3n de Caballer\u00eda Paracaidista 4&nbsp;<\/li><li>Compa\u00f1\u00eda de Comunicaciones Paracaidista 4&nbsp;<\/li><li>Compa\u00f1\u00eda de Ingenieros Paracaidista 4&nbsp;<\/li><li>Base de Apoyo Log\u00edstico \u201cCORDOBA\u201d&nbsp;<\/li><li>Compa\u00f1\u00eda Apoyo Lanzamientos Paracaidistas 4&nbsp;<\/li><li>Compa\u00f1\u00eda Comandos 602&nbsp;<\/li><li>Compa\u00f1\u00eda de Fuerzas Especiales 601&nbsp;<\/li><li>Batall\u00f3n de Arsenales 604&nbsp;<\/li><li>Liceo Militar \u201cGeneral Paz\u201d&nbsp;<\/li><\/ul>\n\n\n\n<p><strong>Contacto para inscripci\u00f3n<\/strong>&nbsp;<\/p>\n\n\n\n<p>Comando de la 2da Divisi\u00f3n de Ej\u00e9rcito \u2013 Oficina de reclutamiento C\u00f3rdoba.&nbsp;<br>Direcci\u00f3n: Santa Rosa 1322 &#8211; C\u00d3RDOBA CAPITAL&nbsp;<br>Tel: 0351-4342861&nbsp;<br>Correo electr\u00f3nico:&nbsp;<a href=\"mailto:reclutamientocordoba@ejercito.mil.ar\" target=\"_blank\" rel=\"noreferrer noopener\">reclutamientocordoba@ejercito.mil.ar<\/a>&nbsp;\/&nbsp;<a href=\"mailto:cjrmde2@gmail.com\" target=\"_blank\" rel=\"noreferrer noopener\">cjrmde2@gmail.com<\/a>&nbsp;<\/p>\n\n\n\n<figure class=\"wp-block-image size-large\"><img loading=\"lazy\" decoding=\"async\" width=\"1024\" height=\"884\" src=\"https:\/\/morenoprimero.com.ar\/wp-content\/uploads\/2021\/01\/image-5.jpeg\" alt=\"\" class=\"wp-image-8261\" srcset=\"https:\/\/morenoprimero.com.ar\/archivo\/wp-content\/uploads\/2021\/01\/image-5.jpeg 1024w, https:\/\/morenoprimero.com.ar\/archivo\/wp-content\/uploads\/2021\/01\/image-5-300x259.jpeg 300w, https:\/\/morenoprimero.com.ar\/archivo\/wp-content\/uploads\/2021\/01\/image-5-768x663.jpeg 768w\" sizes=\"auto, (max-width: 1024px) 100vw, 1024px\" \/><\/figure>\n\n\n\n<p><strong>Salta \/ Jujuy<\/strong>&nbsp;<\/p>\n\n\n\n<p><strong>V\u00aa&nbsp;Brigada de Monta\u00f1a<\/strong>&nbsp;<\/p>\n\n\n\n<ul class=\"wp-block-list\"><li>Regimiento de Infanter\u00eda de Monta\u00f1a 20&nbsp;<\/li><li>Compa\u00f1\u00eda de Cazadores de Monta\u00f1a 5&nbsp;<\/li><li>Regimiento de Caballer\u00eda Exploraci\u00f3n de Monta\u00f1a 5&nbsp;<\/li><li>Grupo de Artiller\u00eda de Monta\u00f1a 5&nbsp;<\/li><li>Grupo de Artiller\u00eda 15&nbsp;<\/li><li>Batall\u00f3n de Ingenieros de Monta\u00f1a 5&nbsp;<\/li><li>Compa\u00f1\u00eda de Comunicaciones de Monta\u00f1a 5&nbsp;<\/li><li>Base de Apoyo Log\u00edstico \u201cSALTA\u201d&nbsp;<\/li><li>Liceo Militar \u201cGeneral Araoz de La Madrid\u201d&nbsp;<\/li><\/ul>\n\n\n\n<p><strong>Contacto para inscripci\u00f3n<\/strong>&nbsp;<\/p>\n\n\n\n<p>Comando de la&nbsp;Vta&nbsp;Brigada de Monta\u00f1a \u2013 Oficina de reclutamiento SALTA&nbsp;<br>Direcci\u00f3n: Av. Belgrano 450 &#8211; 4400 &#8211; SALTA&nbsp;<br>Tel: 0387-4214798&nbsp;<br>Correo electr\u00f3nico:&nbsp;<a href=\"mailto:reclutamientosalta@hotmail.com\" target=\"_blank\" rel=\"noreferrer noopener\">reclutamientosalta@hotmail.com<\/a>&nbsp;<\/p>\n\n\n\n<figure class=\"wp-block-image size-large\"><img loading=\"lazy\" decoding=\"async\" width=\"1024\" height=\"580\" src=\"https:\/\/morenoprimero.com.ar\/wp-content\/uploads\/2021\/01\/image-6.jpeg\" alt=\"\" class=\"wp-image-8262\" srcset=\"https:\/\/morenoprimero.com.ar\/archivo\/wp-content\/uploads\/2021\/01\/image-6.jpeg 1024w, https:\/\/morenoprimero.com.ar\/archivo\/wp-content\/uploads\/2021\/01\/image-6-300x170.jpeg 300w, https:\/\/morenoprimero.com.ar\/archivo\/wp-content\/uploads\/2021\/01\/image-6-768x435.jpeg 768w\" sizes=\"auto, (max-width: 1024px) 100vw, 1024px\" \/><\/figure>\n\n\n\n<p><strong>Resistencia (Chaco)<\/strong>&nbsp;<\/p>\n\n\n\n<p><strong>Comando de la&nbsp;III\u00aa&nbsp;Brigada de Monte<\/strong>&nbsp;<\/p>\n\n\n\n<ul class=\"wp-block-list\"><li>Regimiento de Infanter\u00eda de Monte 28&nbsp;<\/li><li>Regimiento de Infanter\u00eda de Monte 29&nbsp;<\/li><li>Compa\u00f1\u00eda de Cazadores de Monte 17&nbsp;<\/li><li>Compa\u00f1\u00eda de Ingenieros de Monte 3&nbsp;<\/li><li>Base de Apoyo Log\u00edstico \u201cRESISTENCIA\u201d&nbsp;<\/li><li>Grupo de Artiller\u00eda de Monte 12&nbsp;<\/li><li>Compa\u00f1\u00eda de Comunicaciones de Monte 3&nbsp;<\/li><\/ul>\n\n\n\n<p><strong>Contacto para inscripci\u00f3n<\/strong>&nbsp;<\/p>\n\n\n\n<p>Comando de la&nbsp;IIIra&nbsp;Brigada de Monte \u2013 Oficina de reclutamiento Resistencia.&nbsp;<br>Direcci\u00f3n: Avenida 9 de Julio 3300 &#8211; RESISTENCIA &#8211; PROVINCIA DE CHACO&nbsp;<br>Tel: 03624-442439 \/ 0362-4442440 \/ 0379-4912999&nbsp;<br>Correo electr\u00f3nico:&nbsp;<a href=\"mailto:roqueosvaldo@yahoo.com.ar\" target=\"_blank\" rel=\"noreferrer noopener\">roqueosvaldo@yahoo.com.ar<\/a>&nbsp;\/&nbsp;<a href=\"mailto:bbmm2075@outlook.com\" target=\"_blank\" rel=\"noreferrer noopener\">bbmm2075@outlook.com<\/a>&nbsp;<\/p>\n\n\n\n<p><strong>Misiones &#8211; Posadas<\/strong>&nbsp;<\/p>\n\n\n\n<p><strong>Comando de la&nbsp;XII\u00aa&nbsp;Brigada de Monte<\/strong>&nbsp;<\/p>\n\n\n\n<ul class=\"wp-block-list\"><li>Regimiento de Infanter\u00eda de Monte 9&nbsp;<\/li><li>Regimiento de Infanter\u00eda de Monte 30&nbsp;<\/li><li>Batall\u00f3n de Ingenieros de Monte 12&nbsp;<\/li><li>Compa\u00f1\u00eda de Cazadores de Monte 12&nbsp;<\/li><li>Escuadr\u00f3n de Exploraci\u00f3n de Caballer\u00eda de Monte 12&nbsp;<\/li><li>Grupo de Artiller\u00eda de Monte 3&nbsp;<\/li><li>Compa\u00f1\u00eda de Comunicaciones de Monte 12&nbsp;<\/li><li>Compa\u00f1\u00eda de Arsenales de Monte 12&nbsp;<\/li><\/ul>\n\n\n\n<p><strong>Contacto para inscripci\u00f3n<\/strong>&nbsp;<\/p>\n\n\n\n<p>Comando de&nbsp;XIlda&nbsp;Brigada de Monte \u2013 Oficina de reclutamiento Posadas.&nbsp;<br>Direcci\u00f3n: San Mart\u00edn 1936 (Ex 281) &#8211; 3300 POSADAS \u2013 PROVINCIA DE MISIONES&nbsp;<br>Tel: (0376) 4461 064&nbsp;<br>Correo electr\u00f3nico:&nbsp;<a href=\"mailto:divreclutmovil@hotmail.com.ar\" target=\"_blank\" rel=\"noreferrer noopener\">divreclutmovil@hotmail.com.ar<\/a>&nbsp;<\/p>\n\n\n\n<p><strong>Para mayor informaci\u00f3n se puede comunicar al&nbsp;<\/strong><a href=\"tel:08009993537\" target=\"_blank\" rel=\"noreferrer noopener\">0800-999-3537<\/a><strong>, concurrir a la unidad del Ej\u00e9rcito m\u00e1s cercana o los centros de reclutamiento indicados en las provincias habilitadas para incorporar.<\/strong>&nbsp;<\/p>\n","protected":false},"excerpt":{"rendered":"<p>La inscripci\u00f3n como soldado voluntario tiene diferentes requisitos, y las unidades militares para incorporarse son m\u00faltiples y en diferentes geograf\u00edas del pa\u00eds. El soldado voluntario&nbsp; Desde el a\u00f1o 1994, existe la posibilidad de ser parte del Ej\u00e9rcito como Soldado Voluntario, &hellip; <a href=\"https:\/\/morenoprimero.com.ar\/archivo\/se-encuentra-abierta-la-inscripcion-como-soldado-voluntario-del-ejercito-argentino\/\">Sigue leyendo <span class=\"meta-nav\">&rarr;<\/span><\/a><\/p>\n","protected":false},"author":6,"featured_media":8268,"comment_status":"open","ping_status":"open","sticky":false,"template":"","format":"standard","meta":{"footnotes":""},"categories":[3,21,20],"tags":[742,366,1610],"class_list":["post-8258","post","type-post","status-publish","format-standard","has-post-thumbnail","hentry","category-importantes","category-interes-general","category-sociedad","tag-argentina","tag-ejercito-argentino","tag-ministerio-de-defensa"],"_links":{"self":[{"href":"https:\/\/morenoprimero.com.ar\/archivo\/wp-json\/wp\/v2\/posts\/8258","targetHints":{"allow":["GET"]}}],"collection":[{"href":"https:\/\/morenoprimero.com.ar\/archivo\/wp-json\/wp\/v2\/posts"}],"about":[{"href":"https:\/\/morenoprimero.com.ar\/archivo\/wp-json\/wp\/v2\/types\/post"}],"author":[{"embeddable":true,"href":"https:\/\/morenoprimero.com.ar\/archivo\/wp-json\/wp\/v2\/users\/6"}],"replies":[{"embeddable":true,"href":"https:\/\/morenoprimero.com.ar\/archivo\/wp-json\/wp\/v2\/comments?post=8258"}],"version-history":[{"count":1,"href":"https:\/\/morenoprimero.com.ar\/archivo\/wp-json\/wp\/v2\/posts\/8258\/revisions"}],"predecessor-version":[{"id":8269,"href":"https:\/\/morenoprimero.com.ar\/archivo\/wp-json\/wp\/v2\/posts\/8258\/revisions\/8269"}],"wp:featuredmedia":[{"embeddable":true,"href":"https:\/\/morenoprimero.com.ar\/archivo\/wp-json\/wp\/v2\/media\/8268"}],"wp:attachment":[{"href":"https:\/\/morenoprimero.com.ar\/archivo\/wp-json\/wp\/v2\/media?parent=8258"}],"wp:term":[{"taxonomy":"category","embeddable":true,"href":"https:\/\/morenoprimero.com.ar\/archivo\/wp-json\/wp\/v2\/categories?post=8258"},{"taxonomy":"post_tag","embeddable":true,"href":"https:\/\/morenoprimero.com.ar\/archivo\/wp-json\/wp\/v2\/tags?post=8258"}],"curies":[{"name":"wp","href":"https:\/\/api.w.org\/{rel}","templated":true}]}}