{"id":8248,"date":"2021-01-29T17:09:52","date_gmt":"2021-01-29T17:09:52","guid":{"rendered":"https:\/\/morenoprimero.com.ar\/?p=8248"},"modified":"2021-01-29T17:17:01","modified_gmt":"2021-01-29T17:17:01","slug":"hallaron-el-cuerpo-sin-vida-de-un-hombre-desnudo-y-apunalado-en-moreno","status":"publish","type":"post","link":"https:\/\/morenoprimero.com.ar\/archivo\/hallaron-el-cuerpo-sin-vida-de-un-hombre-desnudo-y-apunalado-en-moreno\/","title":{"rendered":"HALLARON EL CUERPO SIN VIDA DE UN HOMBRE DESNUDO Y APU\u00d1ALADO EN MORENO"},"content":{"rendered":"\n<h4 class=\"wp-block-heading\">El cuerpo fue hallado en una casa morenense e investigan el m\u00f3vil del crimen.<\/h4>\n\n\n\n<p>El hallazgo del cuerpo se produjo el lunes pasado por la ma\u00f1ana, en una casa ubicada en la localidad de La Reja. <\/p>\n\n\n\n<p>Los vecinos de la vivienda llamaron al <strong>911<\/strong> tras encontrar el cad\u00e1ver en su hogar, seg\u00fan informaron fuentes a T\u00e9lam.<\/p>\n\n\n\n<p>El cuerpo fue identificado como<strong> Silvio Orlando Omi\u00f1uk,<\/strong> de 37 a\u00f1os.<\/p>\n\n\n\n<p>Por otra parte, el informe preliminar de la autopsia determin\u00f3 que la v\u00edctima sufri\u00f3 dos heridas de arma blanca al costado de su cuerpo.<\/p>\n\n\n\n<p>Intervienen en la causa el titular de la Unidad Funcional de Instrucci\u00f3n 8 del Departamento Judicial de <strong>Moreno-General Rodr\u00edguez<\/strong>.<\/p>\n","protected":false},"excerpt":{"rendered":"<p>El cuerpo fue hallado en una casa morenense e investigan el m\u00f3vil del crimen. El hallazgo del cuerpo se produjo el lunes pasado por la ma\u00f1ana, en una casa ubicada en la localidad de La Reja. Los vecinos de la &hellip; <a href=\"https:\/\/morenoprimero.com.ar\/archivo\/hallaron-el-cuerpo-sin-vida-de-un-hombre-desnudo-y-apunalado-en-moreno\/\">Sigue leyendo <span class=\"meta-nav\">&rarr;<\/span><\/a><\/p>\n","protected":false},"author":6,"featured_media":4420,"comment_status":"open","ping_status":"open","sticky":false,"template":"","format":"standard","meta":{"footnotes":""},"categories":[3,8],"tags":[1602,25,6],"class_list":["post-8248","post","type-post","status-publish","format-standard","has-post-thumbnail","hentry","category-importantes","category-policiales","tag-crimen","tag-la-reja","tag-moreno"],"_links":{"self":[{"href":"https:\/\/morenoprimero.com.ar\/archivo\/wp-json\/wp\/v2\/posts\/8248","targetHints":{"allow":["GET"]}}],"collection":[{"href":"https:\/\/morenoprimero.com.ar\/archivo\/wp-json\/wp\/v2\/posts"}],"about":[{"href":"https:\/\/morenoprimero.com.ar\/archivo\/wp-json\/wp\/v2\/types\/post"}],"author":[{"embeddable":true,"href":"https:\/\/morenoprimero.com.ar\/archivo\/wp-json\/wp\/v2\/users\/6"}],"replies":[{"embeddable":true,"href":"https:\/\/morenoprimero.com.ar\/archivo\/wp-json\/wp\/v2\/comments?post=8248"}],"version-history":[{"count":1,"href":"https:\/\/morenoprimero.com.ar\/archivo\/wp-json\/wp\/v2\/posts\/8248\/revisions"}],"predecessor-version":[{"id":8251,"href":"https:\/\/morenoprimero.com.ar\/archivo\/wp-json\/wp\/v2\/posts\/8248\/revisions\/8251"}],"wp:featuredmedia":[{"embeddable":true,"href":"https:\/\/morenoprimero.com.ar\/archivo\/wp-json\/wp\/v2\/media\/4420"}],"wp:attachment":[{"href":"https:\/\/morenoprimero.com.ar\/archivo\/wp-json\/wp\/v2\/media?parent=8248"}],"wp:term":[{"taxonomy":"category","embeddable":true,"href":"https:\/\/morenoprimero.com.ar\/archivo\/wp-json\/wp\/v2\/categories?post=8248"},{"taxonomy":"post_tag","embeddable":true,"href":"https:\/\/morenoprimero.com.ar\/archivo\/wp-json\/wp\/v2\/tags?post=8248"}],"curies":[{"name":"wp","href":"https:\/\/api.w.org\/{rel}","templated":true}]}}