{"id":8105,"date":"2021-01-26T16:56:49","date_gmt":"2021-01-26T16:56:49","guid":{"rendered":"https:\/\/morenoprimero.com.ar\/?p=8105"},"modified":"2021-01-28T16:57:41","modified_gmt":"2021-01-28T16:57:41","slug":"el-gobierno-anuncio-rebaja-de-precios-de-hasta-30-en-cortes-de-carne-vacuna","status":"publish","type":"post","link":"https:\/\/morenoprimero.com.ar\/archivo\/el-gobierno-anuncio-rebaja-de-precios-de-hasta-30-en-cortes-de-carne-vacuna\/","title":{"rendered":"EL GOBIERNO ANUNCI\u00d3 REBAJA DE PRECIOS DE HASTA 30% EN CORTES DE CARNE VACUNA"},"content":{"rendered":"\n<h4 class=\"wp-block-heading\">En los supermercados, las ofertas estar\u00e1n disponible los fines de semana y los mi\u00e9rcoles de las primeras tres semanas de cada mes; mientras que en el Mercado Central, todos los d\u00edas.<\/h4>\n\n\n\n<p>El lunes por la tarde el gobierno nacional anunci\u00f3 un acuerdo de precios que abarcar\u00e1 a diez cortes de carne vacuna que se comercializar\u00e1 con <strong>valores de hasta 30% menos <\/strong>que los precios ya registrados.<\/p>\n\n\n\n<p>La rebaja comprender\u00e1 a los cortes de carne vacuna m\u00e1s solicitados, entre ellos, estar\u00e1n <strong>la tira de asado, el vac\u00edo, el matambre, la tapa de asado, cuadrada-bola de lomo y carnaza,<\/strong> con un volumen de 6.000 toneladas por mes, anunciaron las autoridades nacionales en una conferencia de prensa.<\/p>\n\n\n\n<p>En los supermercados, las ofertas estar\u00e1n disponibles los fines de semana y los mi\u00e9rcoles de las primeras 3 semanas de cada mes; mientras que en el Mercado Central, todos los d\u00edas.<\/p>\n\n\n\n<p>El presidente<strong> Alberto Fern\u00e1ndez <\/strong>recibi\u00f3 la tarde del lunes en su despacho de Casa Rosada a los ministros de <strong>Desarrollo Productivo<\/strong>, Mat\u00edas Kulfas; y de <strong>Agricultura, Ganader\u00eda y Pesca<\/strong>, Luis Basterra; y a la <strong>secretaria de Comercio Interior<\/strong>, Paula Espa\u00f1ol; para sellar el acuerdo.<\/p>\n\n\n\n<p>Tambi\u00e9n tomaron parte del acuerdo representantes de la <strong>C\u00e1mara Argentina de la Industria Frigor\u00edfica<\/strong> (CADIF), la <strong>Federaci\u00f3n de Industrias Frigor\u00edficas Regionales Argentinas<\/strong> (FIFRA), la <strong>Uni\u00f3n de la Industria C\u00e1rnica Argentina<\/strong> (UNICA) y los supermercados agrupados en la<strong> Asociaci\u00f3n de Supermercados Unidos<\/strong> (ASU).<\/p>\n\n\n\n<p>Luego en conferencia de prensa, realizada tambi\u00e9n en <strong>Casa de Gobierno<\/strong>, <strong>Kulfas<\/strong> dijo que en la reuni\u00f3n con los empresarios c\u00e1rnicos \u00abse fortaleci\u00f3 la oferta de carnes a precios populares\u00bb, con rebajas \u00abde entre el 15 y 30 por ciento, seg\u00fan el corte\u00bb, con valores que se \u00abretrotraen a comienzos de noviembre\u00bb pasado.<\/p>\n\n\n\n<p><strong>Kulfas<\/strong> anunci\u00f3 que los nuevos precios \u00abestar\u00e1n disponibles en algunos lugares desde este fin de semana y en otros a partir de la semana que viene\u00bb, en 1.600 bocas de expendio y en el <strong>Mercado Central<\/strong>, y calific\u00f3 al acuerdo de \u00abimportante\u00bb ya que es \u00ab12 o 13 veces m\u00e1s bajo que otros realizados anteriormente\u00bb.<\/p>\n\n\n\n<p>El ministro indic\u00f3 que el acuerdo con la carne \u00abes el primer paso\u00bb para extenderlo luego a otros sobre \u00abfrutas y verduras\u00bb.<\/p>\n\n\n\n<p>Fuente: T\u00e9lam.<\/p>\n\n\n\n<p><\/p>\n","protected":false},"excerpt":{"rendered":"<p>En los supermercados, las ofertas estar\u00e1n disponible los fines de semana y los mi\u00e9rcoles de las primeras tres semanas de cada mes; mientras que en el Mercado Central, todos los d\u00edas. El lunes por la tarde el gobierno nacional anunci\u00f3 &hellip; <a href=\"https:\/\/morenoprimero.com.ar\/archivo\/el-gobierno-anuncio-rebaja-de-precios-de-hasta-30-en-cortes-de-carne-vacuna\/\">Sigue leyendo <span class=\"meta-nav\">&rarr;<\/span><\/a><\/p>\n","protected":false},"author":6,"featured_media":8106,"comment_status":"open","ping_status":"open","sticky":false,"template":"","format":"standard","meta":{"footnotes":""},"categories":[926,20],"tags":[1580,1581,603,1273],"class_list":["post-8105","post","type-post","status-publish","format-standard","has-post-thumbnail","hentry","category-economia","category-sociedad","tag-carne-vacuna","tag-casa-rosada","tag-gobierno-nacional","tag-rebajas"],"_links":{"self":[{"href":"https:\/\/morenoprimero.com.ar\/archivo\/wp-json\/wp\/v2\/posts\/8105","targetHints":{"allow":["GET"]}}],"collection":[{"href":"https:\/\/morenoprimero.com.ar\/archivo\/wp-json\/wp\/v2\/posts"}],"about":[{"href":"https:\/\/morenoprimero.com.ar\/archivo\/wp-json\/wp\/v2\/types\/post"}],"author":[{"embeddable":true,"href":"https:\/\/morenoprimero.com.ar\/archivo\/wp-json\/wp\/v2\/users\/6"}],"replies":[{"embeddable":true,"href":"https:\/\/morenoprimero.com.ar\/archivo\/wp-json\/wp\/v2\/comments?post=8105"}],"version-history":[{"count":1,"href":"https:\/\/morenoprimero.com.ar\/archivo\/wp-json\/wp\/v2\/posts\/8105\/revisions"}],"predecessor-version":[{"id":8107,"href":"https:\/\/morenoprimero.com.ar\/archivo\/wp-json\/wp\/v2\/posts\/8105\/revisions\/8107"}],"wp:featuredmedia":[{"embeddable":true,"href":"https:\/\/morenoprimero.com.ar\/archivo\/wp-json\/wp\/v2\/media\/8106"}],"wp:attachment":[{"href":"https:\/\/morenoprimero.com.ar\/archivo\/wp-json\/wp\/v2\/media?parent=8105"}],"wp:term":[{"taxonomy":"category","embeddable":true,"href":"https:\/\/morenoprimero.com.ar\/archivo\/wp-json\/wp\/v2\/categories?post=8105"},{"taxonomy":"post_tag","embeddable":true,"href":"https:\/\/morenoprimero.com.ar\/archivo\/wp-json\/wp\/v2\/tags?post=8105"}],"curies":[{"name":"wp","href":"https:\/\/api.w.org\/{rel}","templated":true}]}}