{"id":801,"date":"2020-07-30T16:58:39","date_gmt":"2020-07-30T16:58:39","guid":{"rendered":"https:\/\/morenoprimero.com.ar\/?p=801"},"modified":"2020-07-30T16:58:39","modified_gmt":"2020-07-30T16:58:39","slug":"el-sarmiento-activo-tres-veces-el-protocolo-por-covid-19-la-ultima-semana","status":"publish","type":"post","link":"https:\/\/morenoprimero.com.ar\/archivo\/el-sarmiento-activo-tres-veces-el-protocolo-por-covid-19-la-ultima-semana\/","title":{"rendered":"EL SARMIENTO ACTIV\u00d3 TRES VECES EL PROTOCOLO POR COVID-19 LA \u00daLTIMA SEMANA"},"content":{"rendered":"\n<h4 class=\"wp-block-heading\">La l\u00ednea Sarmiento present\u00f3 demoras los \u00faltimos tres d\u00edas h\u00e1biles debido a la activaci\u00f3n de protocolo Covid-19.&nbsp; &nbsp;&nbsp;<\/h4>\n\n\n\n<p>&nbsp; &nbsp;Los trabajadores del ramal no hab\u00edan tenido infectados con coronavirus desde el inicio de la pandemia hasta ahora.&nbsp; <strong>Hoy en d\u00eda tienen, seg\u00fan la Uni\u00f3n Ferroviaria, 23 trabajadores infectados.&nbsp;<\/strong><\/p>\n\n\n\n<p>&nbsp; Si bien no se sabe cu\u00e1ndo va a ser realmente el pico de la pandemia, lo cierto es que hay una gran cantidad de casos actualmente.&nbsp;<\/p>\n\n\n\n<p>&nbsp; &nbsp;En este contexto, el \u00faltimo viernes, el lunes y el martes, e<strong>n el tren Sarmiento se activ\u00f3 el protocolo Covid-19 tres veces debido a cuatro casos positivos de Coronavirus entre conductores y guardas, lo que gener\u00f3 reducci\u00f3n de 20 trabajadores puestos en&nbsp;aislamiento y&nbsp;demoras en el servicio.&nbsp;<\/strong><\/p>\n\n\n\n<p>  Para evitar la aglomeraci\u00f3n de personas, desde Trenes argentinos ponen en servicio micros de apoyo en  las estaciones&nbsp;de Moreno, Merlo y Mor\u00f3n, sumado a la aplicaci\u00f3n \u00abReserva tu tren\u00bb donde los usuarios que viajen en sentido a la capital entre las 6 y las 10 de la ma\u00f1ana deben reservar su asiento.&nbsp;<\/p>\n\n\n\n<p>&nbsp; Seg\u00fan las fuentes consultadas por Moreno Primero, hay un trabajador de un contratista fallecido y un mec\u00e1nico&nbsp;en terapia intensiva.&nbsp;&nbsp;<\/p>\n","protected":false},"excerpt":{"rendered":"<p>La l\u00ednea Sarmiento present\u00f3 demoras los \u00faltimos tres d\u00edas h\u00e1biles debido a la activaci\u00f3n de protocolo Covid-19.&nbsp; &nbsp;&nbsp; &nbsp; &nbsp;Los trabajadores del ramal no hab\u00edan tenido infectados con coronavirus desde el inicio de la pandemia hasta ahora.&nbsp; Hoy en d\u00eda &hellip; <a href=\"https:\/\/morenoprimero.com.ar\/archivo\/el-sarmiento-activo-tres-veces-el-protocolo-por-covid-19-la-ultima-semana\/\">Sigue leyendo <span class=\"meta-nav\">&rarr;<\/span><\/a><\/p>\n","protected":false},"author":6,"featured_media":804,"comment_status":"open","ping_status":"open","sticky":false,"template":"","format":"standard","meta":{"footnotes":""},"categories":[21,20],"tags":[94,173,17,43],"class_list":["post-801","post","type-post","status-publish","format-standard","has-post-thumbnail","hentry","category-interes-general","category-sociedad","tag-covid-19","tag-linea-sarmiento","tag-pandemia","tag-transporte-publico"],"_links":{"self":[{"href":"https:\/\/morenoprimero.com.ar\/archivo\/wp-json\/wp\/v2\/posts\/801","targetHints":{"allow":["GET"]}}],"collection":[{"href":"https:\/\/morenoprimero.com.ar\/archivo\/wp-json\/wp\/v2\/posts"}],"about":[{"href":"https:\/\/morenoprimero.com.ar\/archivo\/wp-json\/wp\/v2\/types\/post"}],"author":[{"embeddable":true,"href":"https:\/\/morenoprimero.com.ar\/archivo\/wp-json\/wp\/v2\/users\/6"}],"replies":[{"embeddable":true,"href":"https:\/\/morenoprimero.com.ar\/archivo\/wp-json\/wp\/v2\/comments?post=801"}],"version-history":[{"count":3,"href":"https:\/\/morenoprimero.com.ar\/archivo\/wp-json\/wp\/v2\/posts\/801\/revisions"}],"predecessor-version":[{"id":811,"href":"https:\/\/morenoprimero.com.ar\/archivo\/wp-json\/wp\/v2\/posts\/801\/revisions\/811"}],"wp:featuredmedia":[{"embeddable":true,"href":"https:\/\/morenoprimero.com.ar\/archivo\/wp-json\/wp\/v2\/media\/804"}],"wp:attachment":[{"href":"https:\/\/morenoprimero.com.ar\/archivo\/wp-json\/wp\/v2\/media?parent=801"}],"wp:term":[{"taxonomy":"category","embeddable":true,"href":"https:\/\/morenoprimero.com.ar\/archivo\/wp-json\/wp\/v2\/categories?post=801"},{"taxonomy":"post_tag","embeddable":true,"href":"https:\/\/morenoprimero.com.ar\/archivo\/wp-json\/wp\/v2\/tags?post=801"}],"curies":[{"name":"wp","href":"https:\/\/api.w.org\/{rel}","templated":true}]}}