{"id":7990,"date":"2021-01-22T12:16:02","date_gmt":"2021-01-22T12:16:02","guid":{"rendered":"https:\/\/morenoprimero.com.ar\/?p=7990"},"modified":"2021-01-22T12:16:02","modified_gmt":"2021-01-22T12:16:02","slug":"allanaron-un-desarmadero-clandestino-en-paso-del-rey","status":"publish","type":"post","link":"https:\/\/morenoprimero.com.ar\/archivo\/allanaron-un-desarmadero-clandestino-en-paso-del-rey\/","title":{"rendered":"ALLANARON UN DESARMADERO CLANDESTINO EN PASO DEL REY"},"content":{"rendered":"\n<h4 class=\"wp-block-heading\">Los efectivos secuestraron autopartes de alrededor de 22 veh\u00edculos durante la ma\u00f1ana del mi\u00e9rcoles pasado. <\/h4>\n\n\n\n<p>La ma\u00f1ana del mi\u00e9rcoles 20 de enero, la <strong>DDI de Moreno y General Rodr\u00edguez<\/strong> recibi\u00f3 una denuncia en donde apuntaban que en las cercan\u00edas del <strong>R\u00edo Reconquista en Paso del Rey<\/strong> estaban desarmando veh\u00edculos.<\/p>\n\n\n\n<p>La denuncia concluy\u00f3 con varios aprehendidos, entre ellos, quien estar\u00eda a cargo del lugar y el secuestro de autopartes de al menos 22 veh\u00edculos, muchos de ellos se determin\u00f3 que hab\u00edan sido robados en Zona Oeste, seg\u00fan inform\u00f3 el portal Semanario Actualidad. <\/p>\n\n\n\n<p>A la zona fueron los Polic\u00edas. Interceptaron una camioneta Ford F100 con dos sujetos en el interior que transportaba partes de un Peugeot 308. El operativo se arm\u00f3 a unas tres cuadras del lugar que los investigadores presum\u00edan que pod\u00eda encontrarse el desarmadero.<\/p>\n\n\n\n<p><\/p>\n","protected":false},"excerpt":{"rendered":"<p>Los efectivos secuestraron autopartes de alrededor de 22 veh\u00edculos durante la ma\u00f1ana del mi\u00e9rcoles pasado. La ma\u00f1ana del mi\u00e9rcoles 20 de enero, la DDI de Moreno y General Rodr\u00edguez recibi\u00f3 una denuncia en donde apuntaban que en las cercan\u00edas del &hellip; <a href=\"https:\/\/morenoprimero.com.ar\/archivo\/allanaron-un-desarmadero-clandestino-en-paso-del-rey\/\">Sigue leyendo <span class=\"meta-nav\">&rarr;<\/span><\/a><\/p>\n","protected":false},"author":6,"featured_media":4420,"comment_status":"open","ping_status":"open","sticky":false,"template":"","format":"standard","meta":{"footnotes":""},"categories":[8],"tags":[1554,253,672],"class_list":["post-7990","post","type-post","status-publish","format-standard","has-post-thumbnail","hentry","category-policiales","tag-desarmadero-ilegal","tag-paso-del-rey","tag-zona-oeste"],"_links":{"self":[{"href":"https:\/\/morenoprimero.com.ar\/archivo\/wp-json\/wp\/v2\/posts\/7990","targetHints":{"allow":["GET"]}}],"collection":[{"href":"https:\/\/morenoprimero.com.ar\/archivo\/wp-json\/wp\/v2\/posts"}],"about":[{"href":"https:\/\/morenoprimero.com.ar\/archivo\/wp-json\/wp\/v2\/types\/post"}],"author":[{"embeddable":true,"href":"https:\/\/morenoprimero.com.ar\/archivo\/wp-json\/wp\/v2\/users\/6"}],"replies":[{"embeddable":true,"href":"https:\/\/morenoprimero.com.ar\/archivo\/wp-json\/wp\/v2\/comments?post=7990"}],"version-history":[{"count":2,"href":"https:\/\/morenoprimero.com.ar\/archivo\/wp-json\/wp\/v2\/posts\/7990\/revisions"}],"predecessor-version":[{"id":7992,"href":"https:\/\/morenoprimero.com.ar\/archivo\/wp-json\/wp\/v2\/posts\/7990\/revisions\/7992"}],"wp:featuredmedia":[{"embeddable":true,"href":"https:\/\/morenoprimero.com.ar\/archivo\/wp-json\/wp\/v2\/media\/4420"}],"wp:attachment":[{"href":"https:\/\/morenoprimero.com.ar\/archivo\/wp-json\/wp\/v2\/media?parent=7990"}],"wp:term":[{"taxonomy":"category","embeddable":true,"href":"https:\/\/morenoprimero.com.ar\/archivo\/wp-json\/wp\/v2\/categories?post=7990"},{"taxonomy":"post_tag","embeddable":true,"href":"https:\/\/morenoprimero.com.ar\/archivo\/wp-json\/wp\/v2\/tags?post=7990"}],"curies":[{"name":"wp","href":"https:\/\/api.w.org\/{rel}","templated":true}]}}