{"id":7927,"date":"2021-01-20T16:48:28","date_gmt":"2021-01-20T16:48:28","guid":{"rendered":"https:\/\/morenoprimero.com.ar\/?p=7927"},"modified":"2021-01-20T16:48:29","modified_gmt":"2021-01-20T16:48:29","slug":"comenzo-la-segunda-etapa-de-vacunacion-y-gines-dijo-que-el-pais-se-aseguro-51-millones-de-dosis","status":"publish","type":"post","link":"https:\/\/morenoprimero.com.ar\/archivo\/comenzo-la-segunda-etapa-de-vacunacion-y-gines-dijo-que-el-pais-se-aseguro-51-millones-de-dosis\/","title":{"rendered":"COMENZ\u00d3 LA SEGUNDA ETAPA DE VACUNACI\u00d3N Y GIN\u00c9S DIJO QUE \u00abEL PA\u00cdS SE ASEGUR\u00d3 51 MILLONES DE DOSIS\u00bb"},"content":{"rendered":"\n<h4 class=\"wp-block-heading\">As\u00ed lo mencion\u00f3 el ministro de salud, quien se\u00f1al\u00f3 que el Gobierno nacional sigue manteniendo conversaciones con los laboratorios Moderna, Pfizer, Sinopharm, Cansino y Sonovac para garantizar que no haya faltantes.<\/h4>\n\n\n\n<p>El segundo componente de la <strong>vacuna Sputnik V<\/strong> comenz\u00f3 a aplicarse en los 24 distritos del pa\u00eds, mientras que el ministro de salud, <strong>Gonz\u00e1lez Gin\u00e9s Garc\u00eda<\/strong> subray\u00f3 que<em> la Argentina est\u00e1 accediendo a las vacunas seg\u00fan los contratos firmados<\/em> con distintos laboratorios y <em>tiene aseguradas m\u00e1s de 51 millones de dosis para cuando la campa\u00f1a entre en escala<\/em>.<\/p>\n\n\n\n<p>En la cifra de 51 millones, el ministro contabiliz\u00f3 el suministro de dosis que recibir\u00e1 la Argentina a partir de los contratos firmados con la empresa <strong>AstraZeneca<\/strong>, con el <strong>Centro Gamaleya<\/strong> de Rusia y con el <strong>Fondo de Acceso Global <\/strong>para Vacunas Covid-19, iniciativa mundial bautizada <strong>COVAX <\/strong>y patrocinada por la <strong>Organizaci\u00f3n Mundial de la Salud<\/strong>, precisaron desde la cartera de Salud.<\/p>\n\n\n\n<p><em>Est\u00e1n aseguradas m\u00e1s de 51 millones de dosis con un programa de vacunaci\u00f3n nacional para cuando el plan tenga escala, que ser\u00e1 en pocos d\u00edas<\/em>, dijo hoy Gonz\u00e1lez Garc\u00eda desde el <strong>Hospital Posadas<\/strong>, en el oeste del conurbano bonaerense.<\/p>\n\n\n\n<p>Respecto a la primera inmunizaci\u00f3n, Gin\u00e9s Gonz\u00e1lez Garc\u00eda asegur\u00f3 que <em>hasta ahora no se registr\u00f3 ning\u00fan inconveniente<\/em>, al contrario de lo que plantean algunos sectores \u00abcon mala intenci\u00f3n\u00bb, y afirm\u00f3 que est\u00e1n <em>aseguradas m\u00e1s de 51 millones de dosis con un programa de vacunaci\u00f3n nacional para cuando el plan tenga escala, que ser\u00e1 en pocos d\u00edas<\/em>.<\/p>\n\n\n\n<p>Gin\u00e9s le pidi\u00f3 a la sociedad que acompa\u00f1e el esfuerzo que realiza el personal de la salud con la atenci\u00f3n de los enfermos y el Gobierno con el programa de vacunaci\u00f3n, y asegur\u00f3 que la forma de hacerlo <em>es cuid\u00e1ndose para tener controlada la pandemia y que cada vez sean menos necesarios los hospitales.<\/em><\/p>\n\n\n\n<p>Los trabajadores de la salud fueron los primeros en recibir la vacuna Sputnik V el 29 de diciembre, cuando el pa\u00eds comenz\u00f3 la campa\u00f1a de vacunaci\u00f3n contra el coronavirus.<\/p>\n\n\n\n<p>A partir de hoy recibir\u00e1n la segunda dosis cuando se cumplen los 21 d\u00edas desde la primera aplicaci\u00f3n, para completar su inmunizaci\u00f3n frente al virus.<\/p>\n\n\n\n<p>Fuente: T\u00e9lam.<\/p>\n\n\n\n<p><\/p>\n\n\n\n<p><\/p>\n","protected":false},"excerpt":{"rendered":"<p>As\u00ed lo mencion\u00f3 el ministro de salud, quien se\u00f1al\u00f3 que el Gobierno nacional sigue manteniendo conversaciones con los laboratorios Moderna, Pfizer, Sinopharm, Cansino y Sonovac para garantizar que no haya faltantes. El segundo componente de la vacuna Sputnik V comenz\u00f3 &hellip; <a href=\"https:\/\/morenoprimero.com.ar\/archivo\/comenzo-la-segunda-etapa-de-vacunacion-y-gines-dijo-que-el-pais-se-aseguro-51-millones-de-dosis\/\">Sigue leyendo <span class=\"meta-nav\">&rarr;<\/span><\/a><\/p>\n","protected":false},"author":6,"featured_media":7929,"comment_status":"open","ping_status":"open","sticky":false,"template":"","format":"standard","meta":{"footnotes":""},"categories":[27,536],"tags":[1538,1539,1246],"class_list":["post-7927","post","type-post","status-publish","format-standard","has-post-thumbnail","hentry","category-politica","category-salud","tag-ministro-de-salud","tag-segunda-tanda-de-vacunas","tag-sputnik-v"],"_links":{"self":[{"href":"https:\/\/morenoprimero.com.ar\/archivo\/wp-json\/wp\/v2\/posts\/7927","targetHints":{"allow":["GET"]}}],"collection":[{"href":"https:\/\/morenoprimero.com.ar\/archivo\/wp-json\/wp\/v2\/posts"}],"about":[{"href":"https:\/\/morenoprimero.com.ar\/archivo\/wp-json\/wp\/v2\/types\/post"}],"author":[{"embeddable":true,"href":"https:\/\/morenoprimero.com.ar\/archivo\/wp-json\/wp\/v2\/users\/6"}],"replies":[{"embeddable":true,"href":"https:\/\/morenoprimero.com.ar\/archivo\/wp-json\/wp\/v2\/comments?post=7927"}],"version-history":[{"count":1,"href":"https:\/\/morenoprimero.com.ar\/archivo\/wp-json\/wp\/v2\/posts\/7927\/revisions"}],"predecessor-version":[{"id":7930,"href":"https:\/\/morenoprimero.com.ar\/archivo\/wp-json\/wp\/v2\/posts\/7927\/revisions\/7930"}],"wp:featuredmedia":[{"embeddable":true,"href":"https:\/\/morenoprimero.com.ar\/archivo\/wp-json\/wp\/v2\/media\/7929"}],"wp:attachment":[{"href":"https:\/\/morenoprimero.com.ar\/archivo\/wp-json\/wp\/v2\/media?parent=7927"}],"wp:term":[{"taxonomy":"category","embeddable":true,"href":"https:\/\/morenoprimero.com.ar\/archivo\/wp-json\/wp\/v2\/categories?post=7927"},{"taxonomy":"post_tag","embeddable":true,"href":"https:\/\/morenoprimero.com.ar\/archivo\/wp-json\/wp\/v2\/tags?post=7927"}],"curies":[{"name":"wp","href":"https:\/\/api.w.org\/{rel}","templated":true}]}}