{"id":7912,"date":"2021-01-20T16:48:20","date_gmt":"2021-01-20T16:48:20","guid":{"rendered":"https:\/\/morenoprimero.com.ar\/?p=7912"},"modified":"2021-01-22T12:24:47","modified_gmt":"2021-01-22T12:24:47","slug":"detuvieron-a-un-ciudadano-peruano-por-un-robo-ocurrido-en-1997","status":"publish","type":"post","link":"https:\/\/morenoprimero.com.ar\/archivo\/detuvieron-a-un-ciudadano-peruano-por-un-robo-ocurrido-en-1997\/","title":{"rendered":"DETUVIERON A UN CIUDADANO PERUANO POR UN ROBO OCURRIDO EN 1997"},"content":{"rendered":"\n<h4 class=\"wp-block-heading\">El delito ocurri\u00f3 en Per\u00fa y el ciudadano ten\u00eda un pedido de captura internacional por robar joyas, electrodom\u00e9sticos y hasta 80 mil d\u00f3lares de una vivienda. <\/h4>\n\n\n\n<p>Un ciudadano peruano (57), <strong>Fajardo Mesa Silverio V\u00edctor<\/strong>, fue detenido por agentes federales de la <strong>Divisi\u00f3n de Investigaci\u00f3n de Fugitivos y Extradiciones del Departamento Interpol<\/strong> por un robo cometido en el a\u00f1o 1997 en su pa\u00eds. <\/p>\n\n\n\n<p>V\u00edctor Silverio, ten\u00eda un pedido de captura internacional con notificaci\u00f3n de  \u00cdndice Rojo a pedido de las autoridades judiciales de la <strong>Rep\u00fablica del Per\u00fa<\/strong>, en relaci\u00f3n con la causa caratulada como \u00abDelito contra el patrimonio en la modalidad de robo agravado\u00bb.<\/p>\n\n\n\n<p>La captura se realiz\u00f3 en el <strong>barrio Rififi c<\/strong>uando el imputado se encontraba en la v\u00eda p\u00fablica. <\/p>\n\n\n\n<p>El robo por el cual se lo imputa fue cometido en el a\u00f1o 1997 cuando el detenido junto a dos hombres m\u00e1s ingresaron a una vivienda, a horas de la madrugada, donde sustrajeron joyas, electrodom\u00e9sticos, documentos y dinero en efectivo en moneda nacional y extranjera, por un monto aproximado de 80 mil d\u00f3lares, seg\u00fan mencion\u00f3 el portal online Inforbano.<\/p>\n\n\n\n<p>El detenido, qued\u00f3 a la espera de su extradici\u00f3n. <\/p>\n\n\n\n<p><\/p>\n","protected":false},"excerpt":{"rendered":"<p>El delito ocurri\u00f3 en Per\u00fa y el ciudadano ten\u00eda un pedido de captura internacional por robar joyas, electrodom\u00e9sticos y hasta 80 mil d\u00f3lares de una vivienda. Un ciudadano peruano (57), Fajardo Mesa Silverio V\u00edctor, fue detenido por agentes federales de &hellip; <a href=\"https:\/\/morenoprimero.com.ar\/archivo\/detuvieron-a-un-ciudadano-peruano-por-un-robo-ocurrido-en-1997\/\">Sigue leyendo <span class=\"meta-nav\">&rarr;<\/span><\/a><\/p>\n","protected":false},"author":6,"featured_media":3997,"comment_status":"open","ping_status":"open","sticky":false,"template":"","format":"standard","meta":{"footnotes":""},"categories":[3,8],"tags":[1536,1537,1535,6],"class_list":["post-7912","post","type-post","status-publish","format-standard","has-post-thumbnail","hentry","category-importantes","category-policiales","tag-1536","tag-barrio-rififi","tag-captura-internacional","tag-moreno"],"_links":{"self":[{"href":"https:\/\/morenoprimero.com.ar\/archivo\/wp-json\/wp\/v2\/posts\/7912","targetHints":{"allow":["GET"]}}],"collection":[{"href":"https:\/\/morenoprimero.com.ar\/archivo\/wp-json\/wp\/v2\/posts"}],"about":[{"href":"https:\/\/morenoprimero.com.ar\/archivo\/wp-json\/wp\/v2\/types\/post"}],"author":[{"embeddable":true,"href":"https:\/\/morenoprimero.com.ar\/archivo\/wp-json\/wp\/v2\/users\/6"}],"replies":[{"embeddable":true,"href":"https:\/\/morenoprimero.com.ar\/archivo\/wp-json\/wp\/v2\/comments?post=7912"}],"version-history":[{"count":1,"href":"https:\/\/morenoprimero.com.ar\/archivo\/wp-json\/wp\/v2\/posts\/7912\/revisions"}],"predecessor-version":[{"id":7925,"href":"https:\/\/morenoprimero.com.ar\/archivo\/wp-json\/wp\/v2\/posts\/7912\/revisions\/7925"}],"wp:featuredmedia":[{"embeddable":true,"href":"https:\/\/morenoprimero.com.ar\/archivo\/wp-json\/wp\/v2\/media\/3997"}],"wp:attachment":[{"href":"https:\/\/morenoprimero.com.ar\/archivo\/wp-json\/wp\/v2\/media?parent=7912"}],"wp:term":[{"taxonomy":"category","embeddable":true,"href":"https:\/\/morenoprimero.com.ar\/archivo\/wp-json\/wp\/v2\/categories?post=7912"},{"taxonomy":"post_tag","embeddable":true,"href":"https:\/\/morenoprimero.com.ar\/archivo\/wp-json\/wp\/v2\/tags?post=7912"}],"curies":[{"name":"wp","href":"https:\/\/api.w.org\/{rel}","templated":true}]}}