{"id":787,"date":"2020-07-30T16:57:20","date_gmt":"2020-07-30T16:57:20","guid":{"rendered":"https:\/\/morenoprimero.com.ar\/?p=787"},"modified":"2020-11-25T11:38:37","modified_gmt":"2020-11-25T11:38:37","slug":"record-historico-de-secuestro-de-armas-en-moreno","status":"publish","type":"post","link":"https:\/\/morenoprimero.com.ar\/archivo\/record-historico-de-secuestro-de-armas-en-moreno\/","title":{"rendered":"R\u00c9CORD HIST\u00d3RICO DE SECUESTRO DE ARMAS EN MORENO"},"content":{"rendered":"\n<p><strong>&nbsp; &nbsp;Se secuestraron 48 armas en lo que va del mes, cifra que casi duplica al mes anterior con mayor secuestro de armas (marzo, con 27).<\/strong>&nbsp;&nbsp;<\/p>\n\n\n\n<p>&nbsp; El incremento de la delincuencia en los \u00faltimos d\u00edas es una cuesti\u00f3n que preocupa a gran parte de la sociedad. Moreno es un municipio con alto nivel de delincuencia con respecto a otros municipios.&nbsp;<\/p>\n\n\n\n<p>&nbsp; &nbsp;Por esto,<strong> la intendenta Mariel Fern\u00e1ndez ha coordinado tanto con el ministro de seguridad de la provincia Sergio Berni, como con su par de Naci\u00f3n Sabina Frederic. Los resultados se est\u00e1n vislumbrando en la seguridad&nbsp;morenense.&nbsp;<\/strong><\/p>\n\n\n\n<p>&nbsp; &nbsp;Operativos en distintos puntos de moreno de varias fuerzas de seguridad, allanamientos, requisas, y persecuciones con resultados positivos reflejan el <strong>despliegue del cuerpo policial de manera m\u00e1s eficiente y coordinada, y esto a su vez, refleja las estad\u00edsticas obtenidas en Julio<\/strong>.<strong> A estas estad\u00edsticas se suman 8 detenidos entre delitos por robo y narcomenudeo la semana pasada.<\/strong><\/p>\n\n\n\n<figure class=\"wp-block-image size-large\"><img loading=\"lazy\" decoding=\"async\" width=\"1024\" height=\"768\" src=\"https:\/\/morenoprimero.com.ar\/wp-content\/uploads\/2020\/07\/WhatsApp-Image-2020-07-04-at-5.58.53-PM-1024x768.jpeg\" alt=\"\" class=\"wp-image-207\" srcset=\"https:\/\/morenoprimero.com.ar\/archivo\/wp-content\/uploads\/2020\/07\/WhatsApp-Image-2020-07-04-at-5.58.53-PM-1024x768.jpeg 1024w, https:\/\/morenoprimero.com.ar\/archivo\/wp-content\/uploads\/2020\/07\/WhatsApp-Image-2020-07-04-at-5.58.53-PM-300x225.jpeg 300w, https:\/\/morenoprimero.com.ar\/archivo\/wp-content\/uploads\/2020\/07\/WhatsApp-Image-2020-07-04-at-5.58.53-PM-768x576.jpeg 768w, https:\/\/morenoprimero.com.ar\/archivo\/wp-content\/uploads\/2020\/07\/WhatsApp-Image-2020-07-04-at-5.58.53-PM.jpeg 1152w\" sizes=\"auto, (max-width: 1024px) 100vw, 1024px\" \/><\/figure>\n\n\n\n<p>&nbsp; &nbsp;No es suficiente en un departamento judicial que comprende las localidades de Moreno y General Rodr\u00edguez, con m\u00e1s de 750.000 habitantes y el mayor \u00edndice en la tasa de homicidios. Sin embargo, lo cierto es que<strong> el desarme de la sociedad es un factor importante para hacer descender los altos \u00edndices de delincuencia.&nbsp;<\/strong><\/p>\n","protected":false},"excerpt":{"rendered":"<p>&nbsp; &nbsp;Se secuestraron 48 armas en lo que va del mes, cifra que casi duplica al mes anterior con mayor secuestro de armas (marzo, con 27).&nbsp;&nbsp; &nbsp; El incremento de la delincuencia en los \u00faltimos d\u00edas es una cuesti\u00f3n que &hellip; <a href=\"https:\/\/morenoprimero.com.ar\/archivo\/record-historico-de-secuestro-de-armas-en-moreno\/\">Sigue leyendo <span class=\"meta-nav\">&rarr;<\/span><\/a><\/p>\n","protected":false},"author":6,"featured_media":696,"comment_status":"open","ping_status":"open","sticky":false,"template":"","format":"standard","meta":{"footnotes":""},"categories":[8,20],"tags":[276,31,274,34],"class_list":["post-787","post","type-post","status-publish","format-standard","has-post-thumbnail","hentry","category-policiales","category-sociedad","tag-mariel-fernandez","tag-policia","tag-sabina-frederic","tag-sergio-berni"],"_links":{"self":[{"href":"https:\/\/morenoprimero.com.ar\/archivo\/wp-json\/wp\/v2\/posts\/787","targetHints":{"allow":["GET"]}}],"collection":[{"href":"https:\/\/morenoprimero.com.ar\/archivo\/wp-json\/wp\/v2\/posts"}],"about":[{"href":"https:\/\/morenoprimero.com.ar\/archivo\/wp-json\/wp\/v2\/types\/post"}],"author":[{"embeddable":true,"href":"https:\/\/morenoprimero.com.ar\/archivo\/wp-json\/wp\/v2\/users\/6"}],"replies":[{"embeddable":true,"href":"https:\/\/morenoprimero.com.ar\/archivo\/wp-json\/wp\/v2\/comments?post=787"}],"version-history":[{"count":6,"href":"https:\/\/morenoprimero.com.ar\/archivo\/wp-json\/wp\/v2\/posts\/787\/revisions"}],"predecessor-version":[{"id":5840,"href":"https:\/\/morenoprimero.com.ar\/archivo\/wp-json\/wp\/v2\/posts\/787\/revisions\/5840"}],"wp:featuredmedia":[{"embeddable":true,"href":"https:\/\/morenoprimero.com.ar\/archivo\/wp-json\/wp\/v2\/media\/696"}],"wp:attachment":[{"href":"https:\/\/morenoprimero.com.ar\/archivo\/wp-json\/wp\/v2\/media?parent=787"}],"wp:term":[{"taxonomy":"category","embeddable":true,"href":"https:\/\/morenoprimero.com.ar\/archivo\/wp-json\/wp\/v2\/categories?post=787"},{"taxonomy":"post_tag","embeddable":true,"href":"https:\/\/morenoprimero.com.ar\/archivo\/wp-json\/wp\/v2\/tags?post=787"}],"curies":[{"name":"wp","href":"https:\/\/api.w.org\/{rel}","templated":true}]}}