{"id":7807,"date":"2021-01-18T13:14:34","date_gmt":"2021-01-18T13:14:34","guid":{"rendered":"https:\/\/morenoprimero.com.ar\/?p=7807"},"modified":"2021-01-18T13:14:35","modified_gmt":"2021-01-18T13:14:35","slug":"las-notas-que-no-sirven-y-una-comparacion-de-mala-fe","status":"publish","type":"post","link":"https:\/\/morenoprimero.com.ar\/archivo\/las-notas-que-no-sirven-y-una-comparacion-de-mala-fe\/","title":{"rendered":"LAS NOTAS QUE NO SIRVEN Y UNA COMPARACI\u00d3N DE MALA FE"},"content":{"rendered":"\n<h4 class=\"wp-block-heading\"> Pablo&nbsp;Sirv\u00e9n&nbsp;es secretario de redacci\u00f3n del diario La Naci\u00f3n. Comenz\u00f3 su carrera como periodista en el a\u00f1o 76 y desde el a\u00f1o 2002 trabaja para dicho medio nacional.&nbsp;El d\u00eda de ayer se public\u00f3 una nota de su autor\u00eda que cay\u00f3 mal en varios sectores de la sociedad.<\/h4>\n\n\n\n<p>&nbsp; En una nota titulada \u201cLa madre de todas las batallas\u201d, el periodista Pablo Sirv\u00e9n, se refiri\u00f3 al conurbano como un lugar \u201cafricanizado\u201d e \u201cinviable\u201d. De esta forma, en la nota<strong> se\u00f1ala despectivamente el territorio provincial donde Cambiemos no puede ganar y el oficialismo es la fuerza m\u00e1s votada<\/strong>.&nbsp;<br>La nota, cargada de subjetividad, <strong>le vali\u00f3 las cr\u00edticas de varios dirigentes de diferentes sectores pol\u00edticos.&nbsp;<\/strong><\/p>\n\n\n\n<p>&nbsp;<br>Entre ellos, el gobernador de la Provincia de Buenos Aires<strong>, Axel Kicillof,<\/strong> quien expres\u00f3 a trav\u00e9s de su cuenta de Twitter que la nota \u201c<strong>resume en una frase la visi\u00f3n del macrismo sobre la provincia de Buenos Aires<\/strong>\u201d. Es un \u201c<strong>licuado de racismo, centralismo porte\u00f1o, derrotismo y falta de empat\u00eda por los que menos tienen<\/strong>\u201d, asegur\u00f3 el gobernador.&nbsp;<\/p>\n\n\n\n<blockquote class=\"wp-block-quote is-layout-flow wp-block-quote-is-layout-flow\"><p><strong>Es un licuado de racismo, centralismo porte\u00f1o, derrotismo y falta de empat\u00eda por los que menos tienen<\/strong>.<\/p><\/blockquote>\n\n\n\n<p>&nbsp; Adem\u00e1s, se\u00f1al\u00f3 que<strong> \u201cseguramente\u201d sea esta visi\u00f3n sobre el conurbano la que hizo perder a Vidal \u201cpor 20 puntos\u201d&nbsp;pese al \u00abapoyo\u00bb del expresidente Mauricio Macri y de los \u00abmedios porte\u00f1os; pese a los d\u00f3lares de la deuda que coloc\u00f3 en Wall Street y a los que le prest\u00f3 al pa\u00eds el FMI\u00bb<\/strong>.&nbsp;<\/p>\n\n\n\n<p> Por \u00faltimo, el gobernador de la provincia de Buenos Aires&nbsp;record\u00f3&nbsp;que \u201cen 2019, Buenos Aires fue la provincia que menos gasto por habitante hizo\u201d y que la inversi\u00f3n p\u00fablica por habitante fue 10 veces menor que en CABA\u201d. As\u00ed, lleg\u00f3 a una conclusi\u00f3n:<strong> \u201cnaturalizan y defienden la desigualdad que es justamente&nbsp;lo que&nbsp;tenemos que transformar\u201d<\/strong>.&nbsp;<\/p>\n\n\n\n<figure class=\"wp-block-embed-twitter wp-block-embed is-type-rich is-provider-twitter\"><div class=\"wp-block-embed__wrapper\">\n<blockquote class=\"twitter-tweet\" data-width=\"550\" data-dnt=\"true\"><p lang=\"es\" dir=\"ltr\">En una nota aparecida hoy, el diario La Naci\u00f3n resume en una sola frase la visi\u00f3n del macrismo sobre la Provincia de Buenos Aires: un licuado de racismo, centralismo porte\u00f1o, derrotismo y falta de empat\u00eda por los que menos tienen. <a href=\"https:\/\/t.co\/UJD74DwLYI\">pic.twitter.com\/UJD74DwLYI<\/a><\/p>&mdash; Axel Kicillof (@Kicillofok) <a href=\"https:\/\/twitter.com\/Kicillofok\/status\/1350885290043449345?ref_src=twsrc%5Etfw\">January 17, 2021<\/a><\/blockquote><script async src=\"https:\/\/platform.twitter.com\/widgets.js\" charset=\"utf-8\"><\/script>\n<\/div><\/figure>\n\n\n\n<p>Por su parte, desde el Partido Justicialista (PJ) Bonaerense condenaron la nota en una carta abierta titulada \u201clos cultores del odio, de nada sirven\u201d. En ella, no s\u00f3lo conden\u00f3<strong>&nbsp;\u00abla intencionalidad insultante, discriminadora y excluyente de un lenguaje agresivo que su emisor esgrime con fines eminentemente pol\u00edticos\u00bb, sino tambi\u00e9n, se refiri\u00f3 a la nota como portadora de un \u201c\u00bbdiscurso divisionista\u201d y con \u201cla violencia verbal de los cultores del odio\u201d que \u201cde nada sirven\u00bb.<\/strong>&nbsp;<\/p>\n\n\n\n<blockquote class=\"wp-block-quote is-layout-flow wp-block-quote-is-layout-flow\"><p><strong>\u00abLejos de pensar la realidad en funci\u00f3n electoralista, preferimos gestionar los numerosos desaf\u00edos que se nos presentan sin promover el descarte ni la discriminaci\u00f3n de nadie.\u00bb<\/strong><\/p><\/blockquote>\n\n\n\n<p><strong>&nbsp; <\/strong>Hacia el final de la carta, el PJ Bonaerense explic\u00f3 que su esperanza \u201cest\u00e1 depositada en los millones de hermanos y hermanas que han decidido construir un proyecto de vida en nuestra provincia\u00bb y asever\u00f3 que \u00ablejos de pensar la realidad en funci\u00f3n electoralista, preferimos gestionar los numerosos desaf\u00edos que se nos presentan sin promover el descarte ni la discriminaci\u00f3n de nadie\u00bb.&nbsp;<\/p>\n\n\n\n<p><\/p>\n\n\n\n<figure class=\"wp-block-embed-twitter wp-block-embed is-type-rich is-provider-twitter\"><div class=\"wp-block-embed__wrapper\">\nhttps:\/\/twitter.com\/UnidadPJBsAs\/status\/1350984946702315520\n<\/div><\/figure>\n\n\n\n<p> Adem\u00e1s, numerosos tweets de diferentes actores pol\u00edticos criticaron la nota del matutino de La Naci\u00f3n.<\/p>\n\n\n\n<figure class=\"wp-block-embed-twitter wp-block-embed is-type-rich is-provider-twitter\"><div class=\"wp-block-embed__wrapper\">\n<blockquote class=\"twitter-tweet\" data-width=\"550\" data-dnt=\"true\"><p lang=\"es\" dir=\"ltr\">\u00bfPuedo coincidir con Sirv\u00e9n? <br>Su empresa queda en conurbano y esta llena de gorilas. Reciben subsidios y beneficios como en cualquier pa\u00eds africano con desigualdad social. Hay una minor\u00eda opresora que se empe\u00f1a en la desigualdad y aboga por voto calificado<a href=\"https:\/\/t.co\/QkYfnLHYTM\">https:\/\/t.co\/QkYfnLHYTM<\/a><\/p>&mdash; An\u00edbal Fern\u00e1ndez (@FernandezAnibal) <a href=\"https:\/\/twitter.com\/FernandezAnibal\/status\/1350881447364747270?ref_src=twsrc%5Etfw\">January 17, 2021<\/a><\/blockquote><script async src=\"https:\/\/platform.twitter.com\/widgets.js\" charset=\"utf-8\"><\/script>\n<\/div><\/figure>\n\n\n\n<figure class=\"wp-block-embed-twitter wp-block-embed is-type-rich is-provider-twitter\"><div class=\"wp-block-embed__wrapper\">\n<blockquote class=\"twitter-tweet\" data-width=\"550\" data-dnt=\"true\"><p lang=\"es\" dir=\"ltr\">\u00c1frica como sin\u00f3nimo de inviabilidad!? <a href=\"https:\/\/twitter.com\/hashtag\/racismo?src=hash&amp;ref_src=twsrc%5Etfw\">#racismo<\/a> expl\u00edcito en <a href=\"https:\/\/twitter.com\/LANACION?ref_src=twsrc%5Etfw\">@LANACION<\/a>. Exigimos una disculpa p\u00fablica \u00a1Basta de racismo en los medios!<br>RT si est\u00e1s en contra del racismo.<a href=\"https:\/\/twitter.com\/sipreba?ref_src=twsrc%5Etfw\">@sipreba<\/a> <a href=\"https:\/\/twitter.com\/aleberco?ref_src=twsrc%5Etfw\">@aleberco<\/a> <a href=\"https:\/\/twitter.com\/VHMok?ref_src=twsrc%5Etfw\">@VHMok<\/a> <a href=\"https:\/\/twitter.com\/pagina12?ref_src=twsrc%5Etfw\">@pagina12<\/a> <a href=\"https:\/\/twitter.com\/C5N?ref_src=twsrc%5Etfw\">@C5N<\/a> <a href=\"https:\/\/t.co\/4QidNTgbEY\">pic.twitter.com\/4QidNTgbEY<\/a><\/p>&mdash; DIAFAR (@diafarorg) <a href=\"https:\/\/twitter.com\/diafarorg\/status\/1350831855575191552?ref_src=twsrc%5Etfw\">January 17, 2021<\/a><\/blockquote><script async src=\"https:\/\/platform.twitter.com\/widgets.js\" charset=\"utf-8\"><\/script>\n<\/div><\/figure>\n\n\n\n<figure class=\"wp-block-embed-twitter wp-block-embed is-type-rich is-provider-twitter\"><div class=\"wp-block-embed__wrapper\">\n<blockquote class=\"twitter-tweet\" data-width=\"550\" data-dnt=\"true\"><p lang=\"es\" dir=\"ltr\">Algunos sostenemos que la Provincia de Buenos Aires es disfuncional por razones institucionales: subrepresentaci\u00f3n parlamentaria, asimetr\u00edas demogr\u00e1ficas, descoordinaci\u00f3n territorial.<br>Otros piensan que es inviable por cuestiones de raza o clase.<br>No somos lo mismo.<\/p>&mdash; Andr\u00e9s Malamud (@andresmalamud) <a href=\"https:\/\/twitter.com\/andresmalamud\/status\/1350908831606431744?ref_src=twsrc%5Etfw\">January 17, 2021<\/a><\/blockquote><script async src=\"https:\/\/platform.twitter.com\/widgets.js\" charset=\"utf-8\"><\/script>\n<\/div><\/figure>\n","protected":false},"excerpt":{"rendered":"<p>Pablo&nbsp;Sirv\u00e9n&nbsp;es secretario de redacci\u00f3n del diario La Naci\u00f3n. Comenz\u00f3 su carrera como periodista en el a\u00f1o 76 y desde el a\u00f1o 2002 trabaja para dicho medio nacional.&nbsp;El d\u00eda de ayer se public\u00f3 una nota de su autor\u00eda que cay\u00f3 mal &hellip; <a href=\"https:\/\/morenoprimero.com.ar\/archivo\/las-notas-que-no-sirven-y-una-comparacion-de-mala-fe\/\">Sigue leyendo <span class=\"meta-nav\">&rarr;<\/span><\/a><\/p>\n","protected":false},"author":6,"featured_media":7808,"comment_status":"open","ping_status":"open","sticky":false,"template":"","format":"standard","meta":{"footnotes":""},"categories":[27,20],"tags":[132,464,60],"class_list":["post-7807","post","type-post","status-publish","format-standard","has-post-thumbnail","hentry","category-politica","category-sociedad","tag-axel-kicillof","tag-conurbano-bonaerense","tag-provincia-de-buenos-aires"],"_links":{"self":[{"href":"https:\/\/morenoprimero.com.ar\/archivo\/wp-json\/wp\/v2\/posts\/7807","targetHints":{"allow":["GET"]}}],"collection":[{"href":"https:\/\/morenoprimero.com.ar\/archivo\/wp-json\/wp\/v2\/posts"}],"about":[{"href":"https:\/\/morenoprimero.com.ar\/archivo\/wp-json\/wp\/v2\/types\/post"}],"author":[{"embeddable":true,"href":"https:\/\/morenoprimero.com.ar\/archivo\/wp-json\/wp\/v2\/users\/6"}],"replies":[{"embeddable":true,"href":"https:\/\/morenoprimero.com.ar\/archivo\/wp-json\/wp\/v2\/comments?post=7807"}],"version-history":[{"count":2,"href":"https:\/\/morenoprimero.com.ar\/archivo\/wp-json\/wp\/v2\/posts\/7807\/revisions"}],"predecessor-version":[{"id":7819,"href":"https:\/\/morenoprimero.com.ar\/archivo\/wp-json\/wp\/v2\/posts\/7807\/revisions\/7819"}],"wp:featuredmedia":[{"embeddable":true,"href":"https:\/\/morenoprimero.com.ar\/archivo\/wp-json\/wp\/v2\/media\/7808"}],"wp:attachment":[{"href":"https:\/\/morenoprimero.com.ar\/archivo\/wp-json\/wp\/v2\/media?parent=7807"}],"wp:term":[{"taxonomy":"category","embeddable":true,"href":"https:\/\/morenoprimero.com.ar\/archivo\/wp-json\/wp\/v2\/categories?post=7807"},{"taxonomy":"post_tag","embeddable":true,"href":"https:\/\/morenoprimero.com.ar\/archivo\/wp-json\/wp\/v2\/tags?post=7807"}],"curies":[{"name":"wp","href":"https:\/\/api.w.org\/{rel}","templated":true}]}}