{"id":7792,"date":"2021-01-15T17:24:14","date_gmt":"2021-01-15T17:24:14","guid":{"rendered":"https:\/\/morenoprimero.com.ar\/?p=7792"},"modified":"2021-01-15T17:24:15","modified_gmt":"2021-01-15T17:24:15","slug":"que-implica-la-promulgacion-de-la-ley-del-aborto","status":"publish","type":"post","link":"https:\/\/morenoprimero.com.ar\/archivo\/que-implica-la-promulgacion-de-la-ley-del-aborto\/","title":{"rendered":"QU\u00c9 IMPLICA LA PROMULGACI\u00d3N DE LA LEY DEL ABORTO"},"content":{"rendered":"\n<h4 class=\"wp-block-heading\">Se caer\u00e1n las causas judiciales abiertas y se distribuye Misoprostol a todo el pa\u00eds.<\/h4>\n\n\n\n<p>La promulgaci\u00f3n de la ley del aborto implica que \u00e9ste deje de ser ilegal en toda la Rep\u00fablica Argentina. De esta manera, deber\u00edan suceder dos cosas: que<strong>&nbsp;caigan todas las causas abiertas por pr\u00e1cticas de abortos hasta la semana 14<\/strong>. Seg\u00fan un informe del <strong>Centro de Estudios Legales y Sociales<\/strong>, hay 1532 expedientes en curso en 17 jurisdicciones. Si bien eso deber\u00eda ocurrir en primera instancia en los tribunales, tambi\u00e9n es probable que no ocurra de inmediato, para eso desde el <strong>Ministerio de las Mujeres, G\u00e9neros y Diversidad<\/strong> se est\u00e1n preparando para acompa\u00f1ar e impulsar ese proceso<\/p>\n\n\n\n<p>El segundo hecho ser\u00e1 la implementaci\u00f3n de la ley, garantizar que el derecho que se adquiri\u00f3 sea efectivo.&nbsp;Como la mayor\u00eda de los art\u00edculos son de aplicaci\u00f3n directa,&nbsp;<strong>no es necesario esperar a la reglamentaci\u00f3n<\/strong>, sino que a los ocho d\u00edas desde su publicaci\u00f3n la norma entrar\u00e1 en vigencia.<\/p>\n\n\n\n<p>La implementaci\u00f3n depender\u00e1 en su mayor\u00eda del ministerio de Salud.<strong>&nbsp;La cartera que encabeza Gin\u00e9s Gonz\u00e1lez Garc\u00eda ya viene haciendo compras de Misoprostol y las pastillas se distribuir\u00e1n en todo el pa\u00eds<\/strong><\/p>\n","protected":false},"excerpt":{"rendered":"<p>Se caer\u00e1n las causas judiciales abiertas y se distribuye Misoprostol a todo el pa\u00eds. La promulgaci\u00f3n de la ley del aborto implica que \u00e9ste deje de ser ilegal en toda la Rep\u00fablica Argentina. De esta manera, deber\u00edan suceder dos cosas: &hellip; <a href=\"https:\/\/morenoprimero.com.ar\/archivo\/que-implica-la-promulgacion-de-la-ley-del-aborto\/\">Sigue leyendo <span class=\"meta-nav\">&rarr;<\/span><\/a><\/p>\n","protected":false},"author":6,"featured_media":7793,"comment_status":"open","ping_status":"open","sticky":false,"template":"","format":"standard","meta":{"footnotes":""},"categories":[27,536,20],"tags":[1518,624,853],"class_list":["post-7792","post","type-post","status-publish","format-standard","has-post-thumbnail","hentry","category-politica","category-salud","category-sociedad","tag-aborto-legal-en-argentina","tag-ministerio-de-mujeres-generos-y-diversidad","tag-ministerio-de-salud-de-la-nacion"],"_links":{"self":[{"href":"https:\/\/morenoprimero.com.ar\/archivo\/wp-json\/wp\/v2\/posts\/7792","targetHints":{"allow":["GET"]}}],"collection":[{"href":"https:\/\/morenoprimero.com.ar\/archivo\/wp-json\/wp\/v2\/posts"}],"about":[{"href":"https:\/\/morenoprimero.com.ar\/archivo\/wp-json\/wp\/v2\/types\/post"}],"author":[{"embeddable":true,"href":"https:\/\/morenoprimero.com.ar\/archivo\/wp-json\/wp\/v2\/users\/6"}],"replies":[{"embeddable":true,"href":"https:\/\/morenoprimero.com.ar\/archivo\/wp-json\/wp\/v2\/comments?post=7792"}],"version-history":[{"count":2,"href":"https:\/\/morenoprimero.com.ar\/archivo\/wp-json\/wp\/v2\/posts\/7792\/revisions"}],"predecessor-version":[{"id":7804,"href":"https:\/\/morenoprimero.com.ar\/archivo\/wp-json\/wp\/v2\/posts\/7792\/revisions\/7804"}],"wp:featuredmedia":[{"embeddable":true,"href":"https:\/\/morenoprimero.com.ar\/archivo\/wp-json\/wp\/v2\/media\/7793"}],"wp:attachment":[{"href":"https:\/\/morenoprimero.com.ar\/archivo\/wp-json\/wp\/v2\/media?parent=7792"}],"wp:term":[{"taxonomy":"category","embeddable":true,"href":"https:\/\/morenoprimero.com.ar\/archivo\/wp-json\/wp\/v2\/categories?post=7792"},{"taxonomy":"post_tag","embeddable":true,"href":"https:\/\/morenoprimero.com.ar\/archivo\/wp-json\/wp\/v2\/tags?post=7792"}],"curies":[{"name":"wp","href":"https:\/\/api.w.org\/{rel}","templated":true}]}}