{"id":769,"date":"2020-07-29T16:13:41","date_gmt":"2020-07-29T16:13:41","guid":{"rendered":"https:\/\/morenoprimero.com.ar\/?p=769"},"modified":"2020-07-29T19:15:52","modified_gmt":"2020-07-29T19:15:52","slug":"el-municipio-de-moreno-firmo-convenio-con-aysa-para-obras-de-agua-cloacas-y-trabajo","status":"publish","type":"post","link":"https:\/\/morenoprimero.com.ar\/archivo\/el-municipio-de-moreno-firmo-convenio-con-aysa-para-obras-de-agua-cloacas-y-trabajo\/","title":{"rendered":"EL MUNICIPIO DE MORENO FIRM\u00d3 CONVENIO CON AYSA PARA OBRAS DE AGUA, CLOACAS Y TRABAJO"},"content":{"rendered":"\n<p>La intendenta de Moreno, Mariel Fern\u00e1ndez  y la titular de AySA, Malena Galmarini  firmaron el Convenio \u201cAgua y Cloaca + Trabajo\u201d (AyC+T) que consta de dos ejes centrales: llevar los servicios de agua potable y cloacas a las \u00e1reas m\u00e1s vulneradas y generar trabajo.<\/p>\n\n\n\n<p>En el marco de la firma del Convenio, la jefa comunal expres\u00f3 que: \u201cCon Malena conversamos sobre la planificaci\u00f3n estrat\u00e9gica para el desarrollo de nuestro Municipio, y el desarrollo de aguas y cloacas en esto central. Conf\u00edo mucho en la capacidad y compromiso de Malena, y estamos muy esperanzados y esperanzadas con este convenio que firmamos, que va a significar dignificarle la vida a muchos vecinos y vecinas de Moreno\u201d.<\/p>\n\n\n\n<p>Por su parte, Galmarini agradeci\u00f3 a Fern\u00e1ndez por el recibimiento y resalt\u00f3: \u201cque haya una mujer al frente de este Municipio que viene tan golpeado le va a dar a la gesti\u00f3n toda la sensibilidad y el compromiso que las mujeres solemos tener para llevar adelante las responsabilidades que tenemos en las espaldas\u201d, y respecto del convenio dijo que \u201cle va a acercar a los vecinos y a las vecinas un servicio tan esencial como es el agua segura, limpia y potable y el saneamiento cloacal. Eso solamente no trae mejora en las salud, sino adem\u00e1s la expansi\u00f3n en t\u00e9rminos econ\u00f3micos de la poblaci\u00f3n de la ciudad de Moreno\u201d. Adem\u00e1s, la titular de AySA asegur\u00f3 que se contemplar\u00e1 la paridad de g\u00e9nero en la contrataci\u00f3n de trabajadores y trabajadoras de las cooperativas.<\/p>\n\n\n\n<p>La din\u00e1mica de trabajo del Convenio es una asociaci\u00f3n entre AySA, la Agencia de Planificaci\u00f3n (APLA), las cooperativas de trabajo y los municipios. De esta forma, se crean puestos de trabajo a trav\u00e9s de cooperativas, y se capacita a sus miembros a trav\u00e9s del Instituto Leopoldo Marechal, coordinado por el Sindicato Gran Buenos Aires de Trabajadores de Obras Sanitarias (SGBATOS).<\/p>\n\n\n\n<p>Tambi\u00e9n participaron del encuentro el Secretario de Obras y Servicios P\u00fablicos Gonzalo Galeano, el Director de Relaciones Gubernamentales Mario Russo y el Director General Operativo Alberto Freire; y mediante teleconferencia, funcionarios y funcionarias provinciales y nacionales, concejales, gremios, comerciantes, empresarios y profesionales locales.<\/p>\n","protected":false},"excerpt":{"rendered":"<p>La intendenta de Moreno, Mariel Fern\u00e1ndez y la titular de AySA, Malena Galmarini firmaron el Convenio \u201cAgua y Cloaca + Trabajo\u201d (AyC+T) que consta de dos ejes centrales: llevar los servicios de agua potable y cloacas a las \u00e1reas m\u00e1s &hellip; <a href=\"https:\/\/morenoprimero.com.ar\/archivo\/el-municipio-de-moreno-firmo-convenio-con-aysa-para-obras-de-agua-cloacas-y-trabajo\/\">Sigue leyendo <span class=\"meta-nav\">&rarr;<\/span><\/a><\/p>\n","protected":false},"author":6,"featured_media":770,"comment_status":"open","ping_status":"open","sticky":false,"template":"","format":"standard","meta":{"footnotes":""},"categories":[21,5,20],"tags":[317,78,79,6,285],"class_list":["post-769","post","type-post","status-publish","format-standard","has-post-thumbnail","hentry","category-interes-general","category-recomendadas","category-sociedad","tag-aguas","tag-aysa","tag-cloacas","tag-moreno","tag-obras-publicas"],"_links":{"self":[{"href":"https:\/\/morenoprimero.com.ar\/archivo\/wp-json\/wp\/v2\/posts\/769","targetHints":{"allow":["GET"]}}],"collection":[{"href":"https:\/\/morenoprimero.com.ar\/archivo\/wp-json\/wp\/v2\/posts"}],"about":[{"href":"https:\/\/morenoprimero.com.ar\/archivo\/wp-json\/wp\/v2\/types\/post"}],"author":[{"embeddable":true,"href":"https:\/\/morenoprimero.com.ar\/archivo\/wp-json\/wp\/v2\/users\/6"}],"replies":[{"embeddable":true,"href":"https:\/\/morenoprimero.com.ar\/archivo\/wp-json\/wp\/v2\/comments?post=769"}],"version-history":[{"count":1,"href":"https:\/\/morenoprimero.com.ar\/archivo\/wp-json\/wp\/v2\/posts\/769\/revisions"}],"predecessor-version":[{"id":771,"href":"https:\/\/morenoprimero.com.ar\/archivo\/wp-json\/wp\/v2\/posts\/769\/revisions\/771"}],"wp:featuredmedia":[{"embeddable":true,"href":"https:\/\/morenoprimero.com.ar\/archivo\/wp-json\/wp\/v2\/media\/770"}],"wp:attachment":[{"href":"https:\/\/morenoprimero.com.ar\/archivo\/wp-json\/wp\/v2\/media?parent=769"}],"wp:term":[{"taxonomy":"category","embeddable":true,"href":"https:\/\/morenoprimero.com.ar\/archivo\/wp-json\/wp\/v2\/categories?post=769"},{"taxonomy":"post_tag","embeddable":true,"href":"https:\/\/morenoprimero.com.ar\/archivo\/wp-json\/wp\/v2\/tags?post=769"}],"curies":[{"name":"wp","href":"https:\/\/api.w.org\/{rel}","templated":true}]}}