{"id":7680,"date":"2021-01-14T12:18:03","date_gmt":"2021-01-14T12:18:03","guid":{"rendered":"https:\/\/morenoprimero.com.ar\/?p=7680"},"modified":"2021-01-14T12:18:03","modified_gmt":"2021-01-14T12:18:03","slug":"advierten-que-se-han-triplicado-los-casos-confirmados-en-territorio-bonaerense","status":"publish","type":"post","link":"https:\/\/morenoprimero.com.ar\/archivo\/advierten-que-se-han-triplicado-los-casos-confirmados-en-territorio-bonaerense\/","title":{"rendered":"ADVIERTEN QUE \u00abSE HAN TRIPLICADO\u00bb LOS CASOS CONFIRMADOS EN TERRITORIO BONAERENSE"},"content":{"rendered":"\n<h4 class=\"wp-block-heading\">El director de Hospitales de la provincia de Buenos Aires, Juan Riera, asegur\u00f3 que la preocupaci\u00f3n \u00abes que hab\u00eda municipios que hab\u00edan bajado la cantidad de casos y ahora est\u00e1n repuntando nuevamente. Est\u00e1n teniendo un rebrote\u201d.&nbsp;<\/h4>\n\n\n\n<p>El director de Hospitales de la provincia de Buenos Aires, Juan Riera, afirm\u00f3 este mi\u00e9rcoles que&nbsp;<strong>\u00aben los \u00faltimos 15 o 20 d\u00edas se han triplicado los contagios\u00bb de coronavirus y resalt\u00f3 que \u00bb hay un rebrote\u00bb de la enfermedad.<\/strong>&nbsp;<br><strong><\/strong>&nbsp;<br><strong>\u00abNo tenemos un impacto fuerte en la terapia intensiva, pero s\u00ed vemos el impacto en los laboratorios y en las guardias\u00bb<\/strong>, dijo el funcionario y se manifest\u00f3 \u00abpreocupado\u00bb por el aumento de los casos.&nbsp;<br>&nbsp;<br>\u00abCon respecto a los municipios que est\u00e1n en Fase 3, eso obedece un poco a c\u00f3mo se comport\u00f3 la enfermedad durante todo este tiempo\u00bb, asever\u00f3 en declaraciones a radio La Red, y sostuvo que \u00abempez\u00f3 en CABA, sigui\u00f3 por el conurbano y se fue diseminando como una mancha de aceite\u00bb.&nbsp;<br>&nbsp;<br>\u00abTodos esos municipios que ten\u00edan pocos casos o poca circulaci\u00f3n viral fueron los \u00faltimos que empezaron a contagiarse, entonces esta ser\u00eda su primera ola\u00bb, acot\u00f3.&nbsp;<br>&nbsp;<br>Y asever\u00f3 que&nbsp;<strong>\u00ablo que nos preocupa es que hab\u00eda municipios que hab\u00edan bajado la cantidad de casos y ahora est\u00e1n repuntando nuevamente. Esos municipios s\u00ed est\u00e1n teniendo un rebrote\u201d<\/strong>.&nbsp;<br>&nbsp;<br>&nbsp;<\/p>\n\n\n\n<blockquote class=\"wp-block-quote is-layout-flow wp-block-quote-is-layout-flow\"><p><strong>\u00abEl personal de salud no se relaj\u00f3 en ning\u00fan momento. Cuando bajaron los casos de coronavirus, empezaron a repuntar todas las otras enfermedades que hab\u00edan bajado\u00bb<\/strong>&nbsp;<\/p><\/blockquote>\n\n\n\n<p>&nbsp;<br>Respecto a los aumentos de casos, indic\u00f3 que \u00abse est\u00e1 viendo esto ahora, el rebrote empez\u00f3 ahora y se necesitan entre 10 y 14 d\u00edas para ver el grado evolutivo de la enfermedad\u00bb.&nbsp;<br>&nbsp;<br>\u00abEn la primera ola ten\u00edamos entre 1,5%% y 2% de casos graves.&nbsp;Entonces ahora tenemos que esperar a ver&nbsp;que&nbsp;pasa. Este rebrote tiene caracter\u00edsticas muy similares a la primera ola. Puede ser que tenga otras caracter\u00edsticas porque estamos en&nbsp;verano&nbsp;pero de todos modos, est\u00e1n repicando los casos de manera muy r\u00e1pida. Nos preocupa eso, la velocidad del aumento de los casos positivos\u201d, afirm\u00f3.&nbsp;<\/p>\n\n\n\n<figure class=\"wp-block-image size-large\"><img loading=\"lazy\" decoding=\"async\" width=\"1024\" height=\"588\" src=\"https:\/\/morenoprimero.com.ar\/wp-content\/uploads\/2020\/09\/1140-coronavirus-testing-nursing-homes-esp-1024x588.jpg\" alt=\"\" class=\"wp-image-2442\" srcset=\"https:\/\/morenoprimero.com.ar\/archivo\/wp-content\/uploads\/2020\/09\/1140-coronavirus-testing-nursing-homes-esp-1024x588.jpg 1024w, https:\/\/morenoprimero.com.ar\/archivo\/wp-content\/uploads\/2020\/09\/1140-coronavirus-testing-nursing-homes-esp-300x172.jpg 300w, https:\/\/morenoprimero.com.ar\/archivo\/wp-content\/uploads\/2020\/09\/1140-coronavirus-testing-nursing-homes-esp-768x441.jpg 768w, https:\/\/morenoprimero.com.ar\/archivo\/wp-content\/uploads\/2020\/09\/1140-coronavirus-testing-nursing-homes-esp.jpg 1140w\" sizes=\"auto, (max-width: 1024px) 100vw, 1024px\" \/><\/figure>\n\n\n\n<p><br>&nbsp;<br>Riera sostuvo que \u00abel personal de salud no se relaj\u00f3 en ning\u00fan momento. Cuando bajaron los casos de coronavirus, empezaron a repuntar todas las otras enfermedades que hab\u00edan bajado\u00bb.&nbsp;<br>&nbsp;<br>\u00abLas camas de terapia nunca bajaron mucho porque se reemplazaron las camas de Covid-19 por otras patolog\u00edas. La verdad es que aludimos a la responsabilidad de las personas con todas las medidas de distanciamiento porque tenemos un buen sistema, pero el personal de la salud viene sobre demandado\u201d, resalt\u00f3.&nbsp;<br>&nbsp;<\/p>\n\n\n\n<blockquote class=\"wp-block-quote is-layout-flow wp-block-quote-is-layout-flow\"><p><strong>\u00abEl sistema de vacunaci\u00f3n de la provincia de Buenos Aires puede vacunar masivamente de manera muy r\u00e1pida. El ritmo est\u00e1 limitado a la cantidad de vacunas que llegan\u00bb<\/strong>&nbsp;<\/p><\/blockquote>\n\n\n\n<p>&nbsp;<br>Advirti\u00f3 que \u00abel recurso humano es un recurso finito. Trabajamos con cortes y rotaciones para no exponer al mismo grupo. Despu\u00e9s trabajamos con equipos itinerantes. Esos equipos est\u00e1n como&nbsp;backup, son los que se fueron como ayuda a otras provincias que ten\u00edan su sistema saturado, como R\u00edo Negro\u00bb, explic\u00f3.&nbsp;<br>&nbsp;<br>\u00abEmpezamos a trabajar con terapias mixtas, sumamos a los cl\u00ednicos a la terapia intermedia.&nbsp;Hay un mont\u00f3n de estrategias que pusimos en&nbsp;funcionamiento&nbsp;pero si la demanda es muy grande, se pone en riesgo un poco el sistema\u201d, a\u00f1adi\u00f3.&nbsp;<br>&nbsp;<br>Respecto del plan de inmunizaci\u00f3n de la poblaci\u00f3n, dijo que \u00abel sistema de vacunaci\u00f3n de la provincia de Buenos Aires puede vacunar masivamente de manera muy r\u00e1pida. El ritmo est\u00e1 limitado a la cantidad de vacunas que llegan al pa\u00eds y a la provincia\u00bb, agreg\u00f3.&nbsp;<\/p>\n\n\n\n<figure class=\"wp-block-embed-twitter wp-block-embed is-type-rich is-provider-twitter\"><div class=\"wp-block-embed__wrapper\">\n<blockquote class=\"twitter-tweet\" data-width=\"550\" data-dnt=\"true\"><p lang=\"es\" dir=\"ltr\">\u2728Ya son 44.435 trabajadores y trabajadoras de la salud que recibieron la primera dosis de la vacuna contra el Covid-19, en el marco del Plan <a href=\"https:\/\/twitter.com\/hashtag\/BuenosAiresVacunate?src=hash&amp;ref_src=twsrc%5Etfw\">#BuenosAiresVacunate<\/a>.<br><br>\u27a1\ufe0f<a href=\"https:\/\/t.co\/vhau7Nxo36\">https:\/\/t.co\/vhau7Nxo36<\/a> <a href=\"https:\/\/t.co\/d5AgvR3SxM\">pic.twitter.com\/d5AgvR3SxM<\/a><\/p>&mdash; Gobierno PBA (@BAProvincia) <a href=\"https:\/\/twitter.com\/BAProvincia\/status\/1348754782824112129?ref_src=twsrc%5Etfw\">January 11, 2021<\/a><\/blockquote><script async src=\"https:\/\/platform.twitter.com\/widgets.js\" charset=\"utf-8\"><\/script>\n<\/div><\/figure>\n\n\n\n<p><br>Y remarc\u00f3 que \u00abhay que tener en cuenta que el plan de vacunaci\u00f3n de la provincia de Buenos Aires incluye a los hospitales, tanto municipales como provinciales, incluye a las escuelas, incluye puntos de vacunaci\u00f3n del PAMI y de IOMA, se formaron m\u00e1s de 17 mil vacunadores, se duplicaron los turnos. No tenemos un problema para aplicar masivamente la vacuna, pero estamos sujetos a la cantidad de vacunas que lleguen\u201d.&nbsp;<\/p>\n\n\n\n<p>INFO: T\u00e9lam<\/p>\n","protected":false},"excerpt":{"rendered":"<p>El director de Hospitales de la provincia de Buenos Aires, Juan Riera, asegur\u00f3 que la preocupaci\u00f3n \u00abes que hab\u00eda municipios que hab\u00edan bajado la cantidad de casos y ahora est\u00e1n repuntando nuevamente. Est\u00e1n teniendo un rebrote\u201d.&nbsp; El director de Hospitales &hellip; <a href=\"https:\/\/morenoprimero.com.ar\/archivo\/advierten-que-se-han-triplicado-los-casos-confirmados-en-territorio-bonaerense\/\">Sigue leyendo <span class=\"meta-nav\">&rarr;<\/span><\/a><\/p>\n","protected":false},"author":6,"featured_media":7677,"comment_status":"open","ping_status":"open","sticky":false,"template":"","format":"standard","meta":{"footnotes":""},"categories":[536],"tags":[7,26,94,17,169],"class_list":["post-7680","post","type-post","status-publish","format-standard","has-post-thumbnail","hentry","category-salud","tag-buenosaires","tag-coronavirus","tag-covid-19","tag-pandemia","tag-vacunacion"],"_links":{"self":[{"href":"https:\/\/morenoprimero.com.ar\/archivo\/wp-json\/wp\/v2\/posts\/7680","targetHints":{"allow":["GET"]}}],"collection":[{"href":"https:\/\/morenoprimero.com.ar\/archivo\/wp-json\/wp\/v2\/posts"}],"about":[{"href":"https:\/\/morenoprimero.com.ar\/archivo\/wp-json\/wp\/v2\/types\/post"}],"author":[{"embeddable":true,"href":"https:\/\/morenoprimero.com.ar\/archivo\/wp-json\/wp\/v2\/users\/6"}],"replies":[{"embeddable":true,"href":"https:\/\/morenoprimero.com.ar\/archivo\/wp-json\/wp\/v2\/comments?post=7680"}],"version-history":[{"count":4,"href":"https:\/\/morenoprimero.com.ar\/archivo\/wp-json\/wp\/v2\/posts\/7680\/revisions"}],"predecessor-version":[{"id":7690,"href":"https:\/\/morenoprimero.com.ar\/archivo\/wp-json\/wp\/v2\/posts\/7680\/revisions\/7690"}],"wp:featuredmedia":[{"embeddable":true,"href":"https:\/\/morenoprimero.com.ar\/archivo\/wp-json\/wp\/v2\/media\/7677"}],"wp:attachment":[{"href":"https:\/\/morenoprimero.com.ar\/archivo\/wp-json\/wp\/v2\/media?parent=7680"}],"wp:term":[{"taxonomy":"category","embeddable":true,"href":"https:\/\/morenoprimero.com.ar\/archivo\/wp-json\/wp\/v2\/categories?post=7680"},{"taxonomy":"post_tag","embeddable":true,"href":"https:\/\/morenoprimero.com.ar\/archivo\/wp-json\/wp\/v2\/tags?post=7680"}],"curies":[{"name":"wp","href":"https:\/\/api.w.org\/{rel}","templated":true}]}}