{"id":7671,"date":"2021-01-14T12:18:16","date_gmt":"2021-01-14T12:18:16","guid":{"rendered":"https:\/\/morenoprimero.com.ar\/?p=7671"},"modified":"2021-01-14T12:18:16","modified_gmt":"2021-01-14T12:18:16","slug":"primera-semana-epidemiologica-del-ano-con-datos-poco-alentadores","status":"publish","type":"post","link":"https:\/\/morenoprimero.com.ar\/archivo\/primera-semana-epidemiologica-del-ano-con-datos-poco-alentadores\/","title":{"rendered":"PRIMERA SEMANA EPIDEMIOL\u00d3GICA DEL A\u00d1O, CON DATOS POCO ALENTADORES"},"content":{"rendered":"\n<h4 class=\"wp-block-heading\"><strong>&nbsp;<\/strong>La cantidad de casos sospechosos aumenta exponencialmente, la cantidad de casos confirmados siempre es menor \u2013por l\u00f3gica- pero aumenta tambi\u00e9n.&nbsp;<\/h4>\n\n\n\n<p>&nbsp; Respecto de la \u00faltima medici\u00f3n del incremento de positividad, con un total del 21,7% en la Semana Epidemiol\u00f3gica 51, <strong>se observa un incremento del 4,9%. De esta manera, en la primera semana epidemiol\u00f3gica del a\u00f1o las muestras positivas se encuentran en el 26,6%<\/strong>. O, es decir, la curva de contagios vuelve a crecer.&nbsp;<\/p>\n\n\n\n<figure class=\"wp-block-image size-large\"><img loading=\"lazy\" decoding=\"async\" width=\"865\" height=\"498\" src=\"https:\/\/morenoprimero.com.ar\/wp-content\/uploads\/2021\/01\/image-5.png\" alt=\"\" class=\"wp-image-7672\" srcset=\"https:\/\/morenoprimero.com.ar\/archivo\/wp-content\/uploads\/2021\/01\/image-5.png 865w, https:\/\/morenoprimero.com.ar\/archivo\/wp-content\/uploads\/2021\/01\/image-5-300x173.png 300w, https:\/\/morenoprimero.com.ar\/archivo\/wp-content\/uploads\/2021\/01\/image-5-768x442.png 768w\" sizes=\"auto, (max-width: 865px) 100vw, 865px\" \/><\/figure>\n\n\n\n<p>&nbsp;<strong> La distribuci\u00f3n de covid-19 de acuerdo al sexo de los infectados se distribuy\u00f3 de forma equilibrada.<\/strong> Entre mujeres 11.059, y entre hombre 11.540. Por otro lado, respecto a la edad, el 11% son mayores de 60 a\u00f1os, el grupo etario de hombres de 40 a 59 a\u00f1os con mayor tasa de ataque.&nbsp;<\/p>\n\n\n\n<figure class=\"wp-block-image size-large\"><img loading=\"lazy\" decoding=\"async\" width=\"948\" height=\"528\" src=\"https:\/\/morenoprimero.com.ar\/wp-content\/uploads\/2021\/01\/image-6.png\" alt=\"\" class=\"wp-image-7673\" srcset=\"https:\/\/morenoprimero.com.ar\/archivo\/wp-content\/uploads\/2021\/01\/image-6.png 948w, https:\/\/morenoprimero.com.ar\/archivo\/wp-content\/uploads\/2021\/01\/image-6-300x167.png 300w, https:\/\/morenoprimero.com.ar\/archivo\/wp-content\/uploads\/2021\/01\/image-6-768x428.png 768w\" sizes=\"auto, (max-width: 948px) 100vw, 948px\" \/><\/figure>\n\n\n\n<p>&nbsp;&nbsp;<strong>Se observ\u00f3 un incremento en todos los grupos de edad entra los per\u00edodos previos <\/strong>(27\/09 al 25\/12) y la \u00faltima quincena de estudio (26\/12 al 10\/12).<strong> El grupo de mayor crecimiento porcentual en sus tasas es el grupo de mayores de 80 a\u00f1os,<\/strong> el cual tambi\u00e9n es el m\u00e1s afectado por la letalidad, el segundo grupo de mayor crecimiento porcentual entre periodos de sus tasas es el que va de los 20 a 39 a\u00f1os (50%) y el de 60 a 79 a\u00f1os (49%).&nbsp;<\/p>\n\n\n\n<figure class=\"wp-block-image size-large\"><img loading=\"lazy\" decoding=\"async\" width=\"800\" height=\"446\" src=\"https:\/\/morenoprimero.com.ar\/wp-content\/uploads\/2021\/01\/image-7.png\" alt=\"\" class=\"wp-image-7675\" srcset=\"https:\/\/morenoprimero.com.ar\/archivo\/wp-content\/uploads\/2021\/01\/image-7.png 800w, https:\/\/morenoprimero.com.ar\/archivo\/wp-content\/uploads\/2021\/01\/image-7-300x167.png 300w, https:\/\/morenoprimero.com.ar\/archivo\/wp-content\/uploads\/2021\/01\/image-7-768x428.png 768w\" sizes=\"auto, (max-width: 800px) 100vw, 800px\" \/><\/figure>\n\n\n\n<p>En cuanto a los casos fallecidos, se presentaron hasta el momento 636 fallecidos en residentes del Municipio de Moreno con COVID+. <strong>En cuanto a los grupos edad, el m\u00e1s afectado es el de mayor de 80 a\u00f1os, con una tasa de 2.153,2 por 100.000 hab. Adem\u00e1s, se observ\u00f3 que el grupo de varones representa una diferencia del 74,0% con las mujeres del mismo grupo edad 2.996,3 hombres Vs. 1.769,3 mujeres).&nbsp;<\/strong><\/p>\n\n\n\n<figure class=\"wp-block-image size-large\"><img loading=\"lazy\" decoding=\"async\" width=\"824\" height=\"296\" src=\"https:\/\/morenoprimero.com.ar\/wp-content\/uploads\/2021\/01\/image-8.png\" alt=\"\" class=\"wp-image-7676\" srcset=\"https:\/\/morenoprimero.com.ar\/archivo\/wp-content\/uploads\/2021\/01\/image-8.png 824w, https:\/\/morenoprimero.com.ar\/archivo\/wp-content\/uploads\/2021\/01\/image-8-300x108.png 300w, https:\/\/morenoprimero.com.ar\/archivo\/wp-content\/uploads\/2021\/01\/image-8-768x276.png 768w\" sizes=\"auto, (max-width: 824px) 100vw, 824px\" \/><\/figure>\n","protected":false},"excerpt":{"rendered":"<p>&nbsp;La cantidad de casos sospechosos aumenta exponencialmente, la cantidad de casos confirmados siempre es menor \u2013por l\u00f3gica- pero aumenta tambi\u00e9n.&nbsp; &nbsp; Respecto de la \u00faltima medici\u00f3n del incremento de positividad, con un total del 21,7% en la Semana Epidemiol\u00f3gica 51, &hellip; <a href=\"https:\/\/morenoprimero.com.ar\/archivo\/primera-semana-epidemiologica-del-ano-con-datos-poco-alentadores\/\">Sigue leyendo <span class=\"meta-nav\">&rarr;<\/span><\/a><\/p>\n","protected":false},"author":6,"featured_media":6438,"comment_status":"open","ping_status":"open","sticky":false,"template":"","format":"standard","meta":{"footnotes":""},"categories":[536],"tags":[702,94,869],"class_list":["post-7671","post","type-post","status-publish","format-standard","has-post-thumbnail","hentry","category-salud","tag-coronavirus-en-moreno","tag-covid-19","tag-reporte-semanal-de-covid-19"],"_links":{"self":[{"href":"https:\/\/morenoprimero.com.ar\/archivo\/wp-json\/wp\/v2\/posts\/7671","targetHints":{"allow":["GET"]}}],"collection":[{"href":"https:\/\/morenoprimero.com.ar\/archivo\/wp-json\/wp\/v2\/posts"}],"about":[{"href":"https:\/\/morenoprimero.com.ar\/archivo\/wp-json\/wp\/v2\/types\/post"}],"author":[{"embeddable":true,"href":"https:\/\/morenoprimero.com.ar\/archivo\/wp-json\/wp\/v2\/users\/6"}],"replies":[{"embeddable":true,"href":"https:\/\/morenoprimero.com.ar\/archivo\/wp-json\/wp\/v2\/comments?post=7671"}],"version-history":[{"count":2,"href":"https:\/\/morenoprimero.com.ar\/archivo\/wp-json\/wp\/v2\/posts\/7671\/revisions"}],"predecessor-version":[{"id":7683,"href":"https:\/\/morenoprimero.com.ar\/archivo\/wp-json\/wp\/v2\/posts\/7671\/revisions\/7683"}],"wp:featuredmedia":[{"embeddable":true,"href":"https:\/\/morenoprimero.com.ar\/archivo\/wp-json\/wp\/v2\/media\/6438"}],"wp:attachment":[{"href":"https:\/\/morenoprimero.com.ar\/archivo\/wp-json\/wp\/v2\/media?parent=7671"}],"wp:term":[{"taxonomy":"category","embeddable":true,"href":"https:\/\/morenoprimero.com.ar\/archivo\/wp-json\/wp\/v2\/categories?post=7671"},{"taxonomy":"post_tag","embeddable":true,"href":"https:\/\/morenoprimero.com.ar\/archivo\/wp-json\/wp\/v2\/tags?post=7671"}],"curies":[{"name":"wp","href":"https:\/\/api.w.org\/{rel}","templated":true}]}}