{"id":763,"date":"2020-07-29T19:11:50","date_gmt":"2020-07-29T19:11:50","guid":{"rendered":"https:\/\/morenoprimero.com.ar\/?p=763"},"modified":"2020-07-29T19:11:50","modified_gmt":"2020-07-29T19:11:50","slug":"canal-encuentro-emitira-escuela-bomba","status":"publish","type":"post","link":"https:\/\/morenoprimero.com.ar\/archivo\/canal-encuentro-emitira-escuela-bomba\/","title":{"rendered":"CANAL ENCUENTRO EMITIR\u00c1 \u00abESCUELA BOMBA\u00bb"},"content":{"rendered":"\n<p>\u00a0<strong> El pr\u00f3ximo domingo 2 de agosto se cumplen dos a\u00f1os del crimen social de Sandra\u00a0Calamano\u00a0y Rub\u00e9n Rodr\u00edguez, trabajadores de la educaci\u00f3n\u00a0fallecidos en la explosi\u00f3n de la escuela\u00a0N\u00b0\u00a049 debido a un escape de gas. A las 21 Hs, Canal Encuentro emitir\u00e1 el documental \u201cEscuela Bomba\u201d.\u00a0<\/strong><\/p>\n\n\n\n<p>&nbsp; &nbsp;Escuela Bomba es una Producci\u00f3n Audiovisual que realiz\u00f3 el Departamento de Educaci\u00f3n de la Universidad Nacional de Luj\u00e1n. Junto a la comunidad universitaria de la&nbsp;UNLu, participaron de la filmaci\u00f3n y la edici\u00f3n docentes y familiares de la Escuela N\u00b049 Nicol\u00e1s Avellaneda de Moreno.&nbsp;&nbsp;<\/p>\n\n\n\n<p>\u00a0 \u00a0En su primera edici\u00f3n faltaba la voz de la familia de Sandra\u00a0Calamano\u00a0que no brindaron entrevistas en el a\u00f1o 2018. Por tanto,<strong> la re edici\u00f3n del film contiene entrevistas y materiales que permitieron construir la biograf\u00eda de la vicedirectora. Adem\u00e1s, cuenta con mejoras t\u00e9cnicas en la producci\u00f3n ya que, tras el cambio de gobierno, recibi\u00f3 apoyo del INCAA.\u00a0<\/strong><\/p>\n\n\n\n<p>&nbsp; &nbsp;El 2 de agosto fue declarado en el municipio de Moreno&nbsp;\u201cD\u00eda en Defensa de la Escuela P\u00fablica, Digna y Segura\u201d. Este domingo, a dos a\u00f1os del incidente, se emitir\u00e1 el largometraje documental a las 21 Hs en Canal Encuentro.&nbsp;&nbsp;<\/p>\n\n\n\n<p>&nbsp; En su p\u00e1gina oficial de Facebook explican que <strong>\u201cEl film narra c\u00f3mo el dolor se fue transformando en una lucha para dar cuenta de las malas condiciones de ense\u00f1anza, de aprendizaje y de infraestructura escolar en Moreno y en la Provincia de Buenos Aires.<\/strong>\u201d.&nbsp;&nbsp;<\/p>\n\n\n\n<p>&nbsp; Asimismo, denunciaron la censura del largometraje en 2019 al no permitirles la transmisi\u00f3n en el Cine&nbsp;Goumont&nbsp;bajo el argumento de que no fue producida por el Instituto de Cine, sin embargo, la pel\u00edcula se encontraba en el conjunto de estrenos DOCA 2019 y su estreno hab\u00eda sido confirmado. Como respuesta a la censura, \u201cLa fr\u00eda noche del jueves 1 de agosto de 2019, en la puerta del cine&nbsp;Gaumont, m\u00e1s de mil personas protagonizamos un acto de resistencia que comenz\u00f3 a quebrar la censura. A partir de ese d\u00eda, cientos de centros culturales, gremios, escuelas y universidades se ofrecieron para proyectar la pel\u00edcula. Una enorme red solidaria, hasta ese momento invisible para&nbsp;nosotrxs, logr\u00f3 que m\u00e1s de 13 mil&nbsp;expectadrxs&nbsp;vieran y discutieran Escuela bomba, convirti\u00e9ndola en el documental m\u00e1s visto del 2019.\u201d explicaron un comunicado.&nbsp;<\/p>\n","protected":false},"excerpt":{"rendered":"<p>\u00a0 El pr\u00f3ximo domingo 2 de agosto se cumplen dos a\u00f1os del crimen social de Sandra\u00a0Calamano\u00a0y Rub\u00e9n Rodr\u00edguez, trabajadores de la educaci\u00f3n\u00a0fallecidos en la explosi\u00f3n de la escuela\u00a0N\u00b0\u00a049 debido a un escape de gas. A las 21 Hs, Canal Encuentro &hellip; <a href=\"https:\/\/morenoprimero.com.ar\/archivo\/canal-encuentro-emitira-escuela-bomba\/\">Sigue leyendo <span class=\"meta-nav\">&rarr;<\/span><\/a><\/p>\n","protected":false},"author":6,"featured_media":764,"comment_status":"open","ping_status":"open","sticky":false,"template":"","format":"standard","meta":{"footnotes":""},"categories":[21,20],"tags":[312,316,61,290],"class_list":["post-763","post","type-post","status-publish","format-standard","has-post-thumbnail","hentry","category-interes-general","category-sociedad","tag-documental","tag-escuela-n-49","tag-escuela-publica","tag-sandra-y-ruben"],"_links":{"self":[{"href":"https:\/\/morenoprimero.com.ar\/archivo\/wp-json\/wp\/v2\/posts\/763","targetHints":{"allow":["GET"]}}],"collection":[{"href":"https:\/\/morenoprimero.com.ar\/archivo\/wp-json\/wp\/v2\/posts"}],"about":[{"href":"https:\/\/morenoprimero.com.ar\/archivo\/wp-json\/wp\/v2\/types\/post"}],"author":[{"embeddable":true,"href":"https:\/\/morenoprimero.com.ar\/archivo\/wp-json\/wp\/v2\/users\/6"}],"replies":[{"embeddable":true,"href":"https:\/\/morenoprimero.com.ar\/archivo\/wp-json\/wp\/v2\/comments?post=763"}],"version-history":[{"count":3,"href":"https:\/\/morenoprimero.com.ar\/archivo\/wp-json\/wp\/v2\/posts\/763\/revisions"}],"predecessor-version":[{"id":767,"href":"https:\/\/morenoprimero.com.ar\/archivo\/wp-json\/wp\/v2\/posts\/763\/revisions\/767"}],"wp:featuredmedia":[{"embeddable":true,"href":"https:\/\/morenoprimero.com.ar\/archivo\/wp-json\/wp\/v2\/media\/764"}],"wp:attachment":[{"href":"https:\/\/morenoprimero.com.ar\/archivo\/wp-json\/wp\/v2\/media?parent=763"}],"wp:term":[{"taxonomy":"category","embeddable":true,"href":"https:\/\/morenoprimero.com.ar\/archivo\/wp-json\/wp\/v2\/categories?post=763"},{"taxonomy":"post_tag","embeddable":true,"href":"https:\/\/morenoprimero.com.ar\/archivo\/wp-json\/wp\/v2\/tags?post=763"}],"curies":[{"name":"wp","href":"https:\/\/api.w.org\/{rel}","templated":true}]}}