{"id":7618,"date":"2021-01-12T17:10:20","date_gmt":"2021-01-12T17:10:20","guid":{"rendered":"https:\/\/morenoprimero.com.ar\/?p=7618"},"modified":"2021-01-13T12:50:41","modified_gmt":"2021-01-13T12:50:41","slug":"este-jueves-se-promulgara-la-ley-de-interrupcion-voluntaria-del-embarazo","status":"publish","type":"post","link":"https:\/\/morenoprimero.com.ar\/archivo\/este-jueves-se-promulgara-la-ley-de-interrupcion-voluntaria-del-embarazo\/","title":{"rendered":"ESTE JUEVES SE PROMULGAR\u00c1 LA LEY DE INTERRUPCI\u00d3N VOLUNTARIA DEL EMBARAZO"},"content":{"rendered":"\n<h4 class=\"wp-block-heading\">Lo inform\u00f3 la titular de la Banca de la Mujer y senadora de la provincia de La Pampa, Norma Durango.<\/h4>\n\n\n\n<p>El&nbsp;<strong>pr\u00f3ximo jueves se promulgar\u00e1 la ley de interrupci\u00f3n voluntaria del embarazo<\/strong>&nbsp;(IVE), aprobada el 30 de diciembre del a\u00f1o pasado por el Senado. Fue la titular de<strong> la Banca de la Mujer, Norma Durango<\/strong>, quien inform\u00f3 del acto al excusarse por no poder asistir por ser paciente de riesgo. Luego de este paso, solo restar\u00e1 que la norma se publique en el <strong>Bolet\u00edn Oficial <\/strong>para que empiece a regir en todo el pa\u00eds.<\/p>\n\n\n\n<p>Esta ma\u00f1ana, <strong>Durango<\/strong> public\u00f3 en su cuenta de <strong>Facebook <\/strong>una disculpa por no poder participar del acto dado que pertenece al grupo de riesgo. Indic\u00f3 que la ministra de <strong>Mujeres, G\u00e9nero y Diversidad, Elizabeth G\u00f3mez Alcorta,<\/strong> la llam\u00f3 para invitarla al&nbsp;<strong>acto que se realizar\u00e1 el jueves, en el Museo del Bicentenario.<\/strong><\/p>\n\n\n\n<p><strong>El acto de promulgaci\u00f3n de una ley significa que el Poder Ejecutivo la acepta sin hacerle observaciones<\/strong>, para lo que cuenta con un plazo de 10 d\u00edas. <strong>As\u00ed, una vez que se publique en el Bolet\u00edn Oficial, la ley 27.610 estar\u00e1 vigente en todo el pa\u00eds.<\/strong><\/p>\n\n\n\n<p><\/p>\n","protected":false},"excerpt":{"rendered":"<p>Lo inform\u00f3 la titular de la Banca de la Mujer y senadora de la provincia de La Pampa, Norma Durango. El&nbsp;pr\u00f3ximo jueves se promulgar\u00e1 la ley de interrupci\u00f3n voluntaria del embarazo&nbsp;(IVE), aprobada el 30 de diciembre del a\u00f1o pasado por &hellip; <a href=\"https:\/\/morenoprimero.com.ar\/archivo\/este-jueves-se-promulgara-la-ley-de-interrupcion-voluntaria-del-embarazo\/\">Sigue leyendo <span class=\"meta-nav\">&rarr;<\/span><\/a><\/p>\n","protected":false},"author":6,"featured_media":6453,"comment_status":"open","ping_status":"open","sticky":false,"template":"","format":"standard","meta":{"footnotes":""},"categories":[27,536,20],"tags":[799,624,1494],"class_list":["post-7618","post","type-post","status-publish","format-standard","has-post-thumbnail","hentry","category-politica","category-salud","category-sociedad","tag-aborto-legal","tag-ministerio-de-mujeres-generos-y-diversidad","tag-promulgacion-de-la-ley"],"_links":{"self":[{"href":"https:\/\/morenoprimero.com.ar\/archivo\/wp-json\/wp\/v2\/posts\/7618","targetHints":{"allow":["GET"]}}],"collection":[{"href":"https:\/\/morenoprimero.com.ar\/archivo\/wp-json\/wp\/v2\/posts"}],"about":[{"href":"https:\/\/morenoprimero.com.ar\/archivo\/wp-json\/wp\/v2\/types\/post"}],"author":[{"embeddable":true,"href":"https:\/\/morenoprimero.com.ar\/archivo\/wp-json\/wp\/v2\/users\/6"}],"replies":[{"embeddable":true,"href":"https:\/\/morenoprimero.com.ar\/archivo\/wp-json\/wp\/v2\/comments?post=7618"}],"version-history":[{"count":2,"href":"https:\/\/morenoprimero.com.ar\/archivo\/wp-json\/wp\/v2\/posts\/7618\/revisions"}],"predecessor-version":[{"id":7629,"href":"https:\/\/morenoprimero.com.ar\/archivo\/wp-json\/wp\/v2\/posts\/7618\/revisions\/7629"}],"wp:featuredmedia":[{"embeddable":true,"href":"https:\/\/morenoprimero.com.ar\/archivo\/wp-json\/wp\/v2\/media\/6453"}],"wp:attachment":[{"href":"https:\/\/morenoprimero.com.ar\/archivo\/wp-json\/wp\/v2\/media?parent=7618"}],"wp:term":[{"taxonomy":"category","embeddable":true,"href":"https:\/\/morenoprimero.com.ar\/archivo\/wp-json\/wp\/v2\/categories?post=7618"},{"taxonomy":"post_tag","embeddable":true,"href":"https:\/\/morenoprimero.com.ar\/archivo\/wp-json\/wp\/v2\/tags?post=7618"}],"curies":[{"name":"wp","href":"https:\/\/api.w.org\/{rel}","templated":true}]}}