{"id":7573,"date":"2021-01-11T14:59:35","date_gmt":"2021-01-11T14:59:35","guid":{"rendered":"https:\/\/morenoprimero.com.ar\/?p=7573"},"modified":"2021-01-11T16:38:39","modified_gmt":"2021-01-11T16:38:39","slug":"las-nuevas-disposiciones-del-gobierno-provincial-que-rigen-en-moreno","status":"publish","type":"post","link":"https:\/\/morenoprimero.com.ar\/archivo\/las-nuevas-disposiciones-del-gobierno-provincial-que-rigen-en-moreno\/","title":{"rendered":"LAS NUEVAS DISPOSICIONES DEL GOBIERNO PROVINCIAL QUE RIGEN EN MORENO"},"content":{"rendered":"\n<h4 class=\"wp-block-heading\">Rigen desde las 1:00 horas de hoy, lunes 11 de enero.&nbsp;<\/h4>\n\n\n\n<p><em>Nuevas disposiciones en la Provincia<\/em>&nbsp;<\/p>\n\n\n\n<p>En vistas de la publicaci\u00f3n en el d\u00eda de ayer del Decreto&nbsp;N\u00b0&nbsp;4\/2021 del Poder Ejecutivo Nacional, el gobierno de la provincia de Buenos Aires dispone las siguientes medidas, que entraron en vigencia hoy lunes 11 de enero desde las 01.00 horas.&nbsp;<\/p>\n\n\n\n<figure class=\"wp-block-image size-large is-resized\"><img loading=\"lazy\" decoding=\"async\" src=\"https:\/\/morenoprimero.com.ar\/wp-content\/uploads\/2021\/01\/medidas-1-1024x1024.jpg\" alt=\"\" class=\"wp-image-7575\" width=\"447\" height=\"447\" srcset=\"https:\/\/morenoprimero.com.ar\/archivo\/wp-content\/uploads\/2021\/01\/medidas-1-1024x1024.jpg 1024w, https:\/\/morenoprimero.com.ar\/archivo\/wp-content\/uploads\/2021\/01\/medidas-1-300x300.jpg 300w, https:\/\/morenoprimero.com.ar\/archivo\/wp-content\/uploads\/2021\/01\/medidas-1-150x150.jpg 150w, https:\/\/morenoprimero.com.ar\/archivo\/wp-content\/uploads\/2021\/01\/medidas-1-768x768.jpg 768w, https:\/\/morenoprimero.com.ar\/archivo\/wp-content\/uploads\/2021\/01\/medidas-1.jpg 1080w\" sizes=\"auto, (max-width: 447px) 100vw, 447px\" \/><\/figure>\n\n\n\n<p><strong>1.<\/strong>&nbsp;<em>Continuar empleando el sistema de fases vigente para la habilitaci\u00f3n de actividades y servicios en los 135 distritos de la provincia<\/em>, de acuerdo con su situaci\u00f3n epidemiol\u00f3gica y sanitaria. En la actualidad 17 municipios se encuentran en Fase 5, 109 en Fase 4 y 9 en Fase 3.&nbsp;<\/p>\n\n\n\n<p><strong>2.&nbsp;En los municipios que se encuentran en fases 3 y 4 se suspender\u00e1 entre las 01.00 y las 06.00 horas toda actividad comercial, art\u00edstica, deportiva, cultural, social y recreativa<\/strong>, exceptuando las actividades productivas manufactureras, agropecuarias y todas aquellas definidas como esenciales de acuerdo a la normativa vigente.&nbsp;<\/p>\n\n\n\n<p><strong>3.<\/strong>&nbsp;<strong>Reducir las actividades sociales, recreativas y familiares a grupos de hasta 10 personas en espacios cerrados y abiertos.&nbsp;<\/strong><\/p>\n\n\n\n<p><strong>4.<\/strong>&nbsp;<strong>Restringir el uso de transporte de pasajeros urbano a personas alcanzadas por las actividades y servicios definidos como esenciales.<\/strong><\/p>\n\n\n\n<p>&nbsp;<\/p>\n\n\n\n<figure class=\"wp-block-image size-large\"><img loading=\"lazy\" decoding=\"async\" width=\"720\" height=\"405\" src=\"https:\/\/morenoprimero.com.ar\/wp-content\/uploads\/2021\/01\/transp.jpg\" alt=\"\" class=\"wp-image-7580\" srcset=\"https:\/\/morenoprimero.com.ar\/archivo\/wp-content\/uploads\/2021\/01\/transp.jpg 720w, https:\/\/morenoprimero.com.ar\/archivo\/wp-content\/uploads\/2021\/01\/transp-300x169.jpg 300w\" sizes=\"auto, (max-width: 720px) 100vw, 720px\" \/><\/figure>\n\n\n\n<p><strong>5.&nbsp;Reforzar todos los controles, tanto provinciales como municipales, para disminuir la circulaci\u00f3n de personas en horarios nocturnos y evitar la realizaci\u00f3n de actividades no permitidas. <\/strong>Las denuncias de fiestas clandestinas se reciben a trav\u00e9s del 911 y de la l\u00ednea (221) 429-3386, dispuesta por el Ministerio de Seguridad, la cual funciona viernes, s\u00e1bados y domingos de 22.00 a 06.00 horas exclusivamente para este tipo de delitos.&nbsp;<\/p>\n\n\n\n<p><strong>6.&nbsp;Habilitar a las autoridades municipales el control del cumplimiento de la obligaci\u00f3n de utilizar tapabocas<\/strong>, previsto en el Decreto&nbsp;N\u00b0&nbsp;255\/2020 y modificatorios, y la aplicaci\u00f3n de las multas correspondientes, de acuerdo a lo establecido en el art\u00edculo 2 del Decreto-Ley&nbsp;N\u00b0&nbsp;8841\/77 y modificatorias.<\/p>\n\n\n\n<p>&nbsp;<\/p>\n\n\n\n<figure class=\"wp-block-image size-large is-resized\"><img loading=\"lazy\" decoding=\"async\" src=\"https:\/\/morenoprimero.com.ar\/wp-content\/uploads\/2021\/01\/medidas-2-1024x1024.jpg\" alt=\"\" class=\"wp-image-7574\" width=\"420\" height=\"420\" srcset=\"https:\/\/morenoprimero.com.ar\/archivo\/wp-content\/uploads\/2021\/01\/medidas-2-1024x1024.jpg 1024w, https:\/\/morenoprimero.com.ar\/archivo\/wp-content\/uploads\/2021\/01\/medidas-2-300x300.jpg 300w, https:\/\/morenoprimero.com.ar\/archivo\/wp-content\/uploads\/2021\/01\/medidas-2-150x150.jpg 150w, https:\/\/morenoprimero.com.ar\/archivo\/wp-content\/uploads\/2021\/01\/medidas-2-768x768.jpg 768w, https:\/\/morenoprimero.com.ar\/archivo\/wp-content\/uploads\/2021\/01\/medidas-2.jpg 1080w\" sizes=\"auto, (max-width: 420px) 100vw, 420px\" \/><\/figure>\n\n\n\n<p><strong>7.<\/strong>&nbsp;<strong>En el caso de fiestas y\/o reuniones que vulneren lo permitido legalmente en el marco de las medidas de \u201caislamiento social preventivo y obligatorio\u201d y de \u201cdistanciamiento social preventivo y obligatorio\u201d en el \u00e1mbito de la provincia de Buenos Aires, adem\u00e1s de las sanciones previstas en el art. 205 del C\u00f3digo Penal, podr\u00e1n aplicarse multas de hasta tres millones trescientos sesenta y cuatro mil pesos ($3.364.000), tanto a los asistentes, organizadores como a los propietarios de los inmuebles donde se realicen.<\/strong>&nbsp;<\/p>\n\n\n\n<p><strong>8.<\/strong>&nbsp;<strong>El d\u00eda martes 12 de enero se actualizar\u00e1n las disposiciones en base a la nueva situaci\u00f3n epidemiol\u00f3gica y sanitaria de la provincia y sus 135 distritos.&nbsp;<\/strong><\/p>\n","protected":false},"excerpt":{"rendered":"<p>Rigen desde las 1:00 horas de hoy, lunes 11 de enero.&nbsp; Nuevas disposiciones en la Provincia&nbsp; En vistas de la publicaci\u00f3n en el d\u00eda de ayer del Decreto&nbsp;N\u00b0&nbsp;4\/2021 del Poder Ejecutivo Nacional, el gobierno de la provincia de Buenos Aires &hellip; <a href=\"https:\/\/morenoprimero.com.ar\/archivo\/las-nuevas-disposiciones-del-gobierno-provincial-que-rigen-en-moreno\/\">Sigue leyendo <span class=\"meta-nav\">&rarr;<\/span><\/a><\/p>\n","protected":false},"author":6,"featured_media":7577,"comment_status":"open","ping_status":"open","sticky":false,"template":"","format":"standard","meta":{"footnotes":""},"categories":[3,536,20],"tags":[94,130,6,17,60,1465],"class_list":["post-7573","post","type-post","status-publish","format-standard","has-post-thumbnail","hentry","category-importantes","category-salud","category-sociedad","tag-covid-19","tag-medidas-provinciales","tag-moreno","tag-pandemia","tag-provincia-de-buenos-aires","tag-restriccion"],"_links":{"self":[{"href":"https:\/\/morenoprimero.com.ar\/archivo\/wp-json\/wp\/v2\/posts\/7573","targetHints":{"allow":["GET"]}}],"collection":[{"href":"https:\/\/morenoprimero.com.ar\/archivo\/wp-json\/wp\/v2\/posts"}],"about":[{"href":"https:\/\/morenoprimero.com.ar\/archivo\/wp-json\/wp\/v2\/types\/post"}],"author":[{"embeddable":true,"href":"https:\/\/morenoprimero.com.ar\/archivo\/wp-json\/wp\/v2\/users\/6"}],"replies":[{"embeddable":true,"href":"https:\/\/morenoprimero.com.ar\/archivo\/wp-json\/wp\/v2\/comments?post=7573"}],"version-history":[{"count":4,"href":"https:\/\/morenoprimero.com.ar\/archivo\/wp-json\/wp\/v2\/posts\/7573\/revisions"}],"predecessor-version":[{"id":7591,"href":"https:\/\/morenoprimero.com.ar\/archivo\/wp-json\/wp\/v2\/posts\/7573\/revisions\/7591"}],"wp:featuredmedia":[{"embeddable":true,"href":"https:\/\/morenoprimero.com.ar\/archivo\/wp-json\/wp\/v2\/media\/7577"}],"wp:attachment":[{"href":"https:\/\/morenoprimero.com.ar\/archivo\/wp-json\/wp\/v2\/media?parent=7573"}],"wp:term":[{"taxonomy":"category","embeddable":true,"href":"https:\/\/morenoprimero.com.ar\/archivo\/wp-json\/wp\/v2\/categories?post=7573"},{"taxonomy":"post_tag","embeddable":true,"href":"https:\/\/morenoprimero.com.ar\/archivo\/wp-json\/wp\/v2\/tags?post=7573"}],"curies":[{"name":"wp","href":"https:\/\/api.w.org\/{rel}","templated":true}]}}