{"id":7402,"date":"2021-01-06T15:18:11","date_gmt":"2021-01-06T15:18:11","guid":{"rendered":"https:\/\/morenoprimero.com.ar\/?p=7402"},"modified":"2021-01-06T15:18:11","modified_gmt":"2021-01-06T15:18:11","slug":"desesperada-busqueda-de-florencia-alvornos-en-moreno","status":"publish","type":"post","link":"https:\/\/morenoprimero.com.ar\/archivo\/desesperada-busqueda-de-florencia-alvornos-en-moreno\/","title":{"rendered":"DESESPERADA B\u00daSQUEDA DE FLORENCIA ALVORNOS EN MORENO"},"content":{"rendered":"\n<h4 class=\"wp-block-heading\">Desapareci\u00f3 hace tres d\u00edas, se trata de una joven de 26 a\u00f1os, mide 1,78, con rastas y tez trigue\u00f1a. Cualquier dato que se pueda aportar su familia lo agradecer\u00e1.<\/h4>\n\n\n\n<p>El <strong>3 de Enero<\/strong> se vio por \u00faltima vez a <strong>Florencia Alvornos<\/strong> de 26 a\u00f1os, en Moreno.<\/p>\n\n\n\n<p>Tiene pelo largo con rastas, ojos marrones, piercing en la nariz, mide 1,78, de tez trigue\u00f1a, vest\u00eda una blusa color blanca, pantal\u00f3n negro y sandalias negras.<\/p>\n\n\n\n<p>Para informar cualquier dato de <strong>Florencia<\/strong> se deber\u00e1 comunicarse con la comisaria segunda al <strong>0237- 4813- 885<\/strong>, al Centro de Monitoreo Municipal <strong>1138748992<\/strong> o al <strong>911<\/strong>.<\/p>\n\n\n\n<p>Fuente: Municipio de Moreno<\/p>\n","protected":false},"excerpt":{"rendered":"<p>Desapareci\u00f3 hace tres d\u00edas, se trata de una joven de 26 a\u00f1os, mide 1,78, con rastas y tez trigue\u00f1a. Cualquier dato que se pueda aportar su familia lo agradecer\u00e1. El 3 de Enero se vio por \u00faltima vez a Florencia &hellip; <a href=\"https:\/\/morenoprimero.com.ar\/archivo\/desesperada-busqueda-de-florencia-alvornos-en-moreno\/\">Sigue leyendo <span class=\"meta-nav\">&rarr;<\/span><\/a><\/p>\n","protected":false},"author":6,"featured_media":7403,"comment_status":"open","ping_status":"open","sticky":false,"template":"","format":"standard","meta":{"footnotes":""},"categories":[20],"tags":[1147,1456,1457,6],"class_list":["post-7402","post","type-post","status-publish","format-standard","has-post-thumbnail","hentry","category-sociedad","tag-1147","tag-desaparecion","tag-florencia-alvornos","tag-moreno"],"_links":{"self":[{"href":"https:\/\/morenoprimero.com.ar\/archivo\/wp-json\/wp\/v2\/posts\/7402","targetHints":{"allow":["GET"]}}],"collection":[{"href":"https:\/\/morenoprimero.com.ar\/archivo\/wp-json\/wp\/v2\/posts"}],"about":[{"href":"https:\/\/morenoprimero.com.ar\/archivo\/wp-json\/wp\/v2\/types\/post"}],"author":[{"embeddable":true,"href":"https:\/\/morenoprimero.com.ar\/archivo\/wp-json\/wp\/v2\/users\/6"}],"replies":[{"embeddable":true,"href":"https:\/\/morenoprimero.com.ar\/archivo\/wp-json\/wp\/v2\/comments?post=7402"}],"version-history":[{"count":2,"href":"https:\/\/morenoprimero.com.ar\/archivo\/wp-json\/wp\/v2\/posts\/7402\/revisions"}],"predecessor-version":[{"id":7406,"href":"https:\/\/morenoprimero.com.ar\/archivo\/wp-json\/wp\/v2\/posts\/7402\/revisions\/7406"}],"wp:featuredmedia":[{"embeddable":true,"href":"https:\/\/morenoprimero.com.ar\/archivo\/wp-json\/wp\/v2\/media\/7403"}],"wp:attachment":[{"href":"https:\/\/morenoprimero.com.ar\/archivo\/wp-json\/wp\/v2\/media?parent=7402"}],"wp:term":[{"taxonomy":"category","embeddable":true,"href":"https:\/\/morenoprimero.com.ar\/archivo\/wp-json\/wp\/v2\/categories?post=7402"},{"taxonomy":"post_tag","embeddable":true,"href":"https:\/\/morenoprimero.com.ar\/archivo\/wp-json\/wp\/v2\/tags?post=7402"}],"curies":[{"name":"wp","href":"https:\/\/api.w.org\/{rel}","templated":true}]}}