{"id":7271,"date":"2021-01-04T13:25:35","date_gmt":"2021-01-04T13:25:35","guid":{"rendered":"https:\/\/morenoprimero.com.ar\/?p=7271"},"modified":"2021-01-04T13:25:35","modified_gmt":"2021-01-04T13:25:35","slug":"coronavirus-aumento-de-forma-exponencial-el-numero-de-contagios","status":"publish","type":"post","link":"https:\/\/morenoprimero.com.ar\/archivo\/coronavirus-aumento-de-forma-exponencial-el-numero-de-contagios\/","title":{"rendered":"CORONAVIRUS: AUMENT\u00d3 DE FORMA EXPONENCIAL EL N\u00daMERO DE CONTAGIOS"},"content":{"rendered":"\n<h4 class=\"wp-block-heading\">&nbsp;Mientras autoridades de Provincia y Naci\u00f3n analizan nuevas restricciones, en Moreno hay cada vez m\u00e1s contagios.<\/h4>\n\n\n\n<p>&nbsp;Al <strong>d\u00eda Domingo 3 de enero<\/strong> hay <strong>146<\/strong> casos confirmados de covid-19, <strong>38<\/strong> recuperados y <strong>4<\/strong> defunciones en Moreno.<\/p>\n\n\n\n<p>&nbsp; En total, son <strong>21990<\/strong> casos confirmados<strong>, 20678<\/strong> recuperados<strong>, 2832<\/strong> casos sospechosos y <strong>633<\/strong> las defunciones asociadas a Covid-19.<\/p>\n\n\n\n<p>&nbsp; En la provincia de Buenos Aires, hay un total de <strong>22404<\/strong> defunciones asociadas a Covid-19, mientras que el total en el pa\u00eds es de <strong>43482<\/strong>.<\/p>\n\n\n\n<figure class=\"wp-block-image size-large\"><img loading=\"lazy\" decoding=\"async\" width=\"963\" height=\"230\" src=\"https:\/\/morenoprimero.com.ar\/wp-content\/uploads\/2021\/01\/covid.jpg\" alt=\"\" class=\"wp-image-7272\" srcset=\"https:\/\/morenoprimero.com.ar\/archivo\/wp-content\/uploads\/2021\/01\/covid.jpg 963w, https:\/\/morenoprimero.com.ar\/archivo\/wp-content\/uploads\/2021\/01\/covid-300x72.jpg 300w, https:\/\/morenoprimero.com.ar\/archivo\/wp-content\/uploads\/2021\/01\/covid-768x183.jpg 768w\" sizes=\"auto, (max-width: 963px) 100vw, 963px\" \/><\/figure>\n","protected":false},"excerpt":{"rendered":"<p>&nbsp;Mientras autoridades de Provincia y Naci\u00f3n analizan nuevas restricciones, en Moreno hay cada vez m\u00e1s contagios. &nbsp;Al d\u00eda Domingo 3 de enero hay 146 casos confirmados de covid-19, 38 recuperados y 4 defunciones en Moreno. &nbsp; En total, son 21990 &hellip; <a href=\"https:\/\/morenoprimero.com.ar\/archivo\/coronavirus-aumento-de-forma-exponencial-el-numero-de-contagios\/\">Sigue leyendo <span class=\"meta-nav\">&rarr;<\/span><\/a><\/p>\n","protected":false},"author":6,"featured_media":3834,"comment_status":"open","ping_status":"open","sticky":false,"template":"","format":"standard","meta":{"footnotes":""},"categories":[3,536,20],"tags":[7,26,702,94],"class_list":["post-7271","post","type-post","status-publish","format-standard","has-post-thumbnail","hentry","category-importantes","category-salud","category-sociedad","tag-buenosaires","tag-coronavirus","tag-coronavirus-en-moreno","tag-covid-19"],"_links":{"self":[{"href":"https:\/\/morenoprimero.com.ar\/archivo\/wp-json\/wp\/v2\/posts\/7271","targetHints":{"allow":["GET"]}}],"collection":[{"href":"https:\/\/morenoprimero.com.ar\/archivo\/wp-json\/wp\/v2\/posts"}],"about":[{"href":"https:\/\/morenoprimero.com.ar\/archivo\/wp-json\/wp\/v2\/types\/post"}],"author":[{"embeddable":true,"href":"https:\/\/morenoprimero.com.ar\/archivo\/wp-json\/wp\/v2\/users\/6"}],"replies":[{"embeddable":true,"href":"https:\/\/morenoprimero.com.ar\/archivo\/wp-json\/wp\/v2\/comments?post=7271"}],"version-history":[{"count":2,"href":"https:\/\/morenoprimero.com.ar\/archivo\/wp-json\/wp\/v2\/posts\/7271\/revisions"}],"predecessor-version":[{"id":7284,"href":"https:\/\/morenoprimero.com.ar\/archivo\/wp-json\/wp\/v2\/posts\/7271\/revisions\/7284"}],"wp:featuredmedia":[{"embeddable":true,"href":"https:\/\/morenoprimero.com.ar\/archivo\/wp-json\/wp\/v2\/media\/3834"}],"wp:attachment":[{"href":"https:\/\/morenoprimero.com.ar\/archivo\/wp-json\/wp\/v2\/media?parent=7271"}],"wp:term":[{"taxonomy":"category","embeddable":true,"href":"https:\/\/morenoprimero.com.ar\/archivo\/wp-json\/wp\/v2\/categories?post=7271"},{"taxonomy":"post_tag","embeddable":true,"href":"https:\/\/morenoprimero.com.ar\/archivo\/wp-json\/wp\/v2\/tags?post=7271"}],"curies":[{"name":"wp","href":"https:\/\/api.w.org\/{rel}","templated":true}]}}